{"id":247404,"date":"2017-06-23T11:53:40","date_gmt":"2017-06-23T11:53:40","guid":{"rendered":"https:\/\/www.gwynt.eu\/clinique-de-velo-de-montagne-gwynt-2017\/"},"modified":"2017-06-23T11:53:40","modified_gmt":"2017-06-23T11:53:40","slug":"clinique-de-velo-de-montagne-gwynt-2017","status":"publish","type":"post","link":"https:\/\/www.gwynt.eu\/fr\/clinique-de-velo-de-montagne-gwynt-2017\/","title":{"rendered":"Clinique de v\u00e9lo de montagne Gwynt 2017"},"content":{"rendered":"<p>L&rsquo;apr\u00e8s-midi du mercredi 7 juin a \u00e9t\u00e9 difficile, avec un ciel typiquement hollandais, du vent et de la pluie (averses). Des conditions id\u00e9ales pour mettre au d\u00e9fi les participants du stage de VTT de Gwynt. Ceux-ci braveront les \u00e9l\u00e9ments et am\u00e9lioreront leurs comp\u00e9tences en VTT avec de vrais professionnels.  <\/p>\n<p>Pleins d&rsquo;enthousiasme et l&rsquo;\u0153il riv\u00e9 sur le radar des pr\u00e9cipitations, les participants se sont rendus un par un \u00e0 la ferme de Groesbeek, qui a de nouveau servi de base \u00e0 notre stage de VTT cette ann\u00e9e. La vue sur les environs, les collines ondulantes et les prairies verdoyantes \u00e9tait \u00e0 nouveau \u00e0 couper le souffle. <\/p>\n<p>En raison de la difficult\u00e9 du parcours, nous avons commenc\u00e9 par un d\u00e9jeuner d\u00e9licieux et nutritif pour refaire le plein d&rsquo;\u00e9nergie. D&rsquo;anciennes et de nouvelles connaissances ont ensuite \u00e9chang\u00e9 de merveilleuses histoires (de cyclisme), sous la houlette d&rsquo;Adrie van der Poel qui, en tant qu&rsquo;habitu\u00e9, a r\u00e9ussi \u00e0 captiver tout le monde en racontant les exploits de son fils et, bien s\u00fbr, ses propres riches exp\u00e9riences. <\/p>\n<p>Il est temps de pr\u00e9parer les v\u00e9los, d&rsquo;enfiler le tout nouveau maillot de cycliste de Gwynt et de se soumettre aux guides de la clinique MTB.<\/p>\n<p>Apr\u00e8s une br\u00e8ve instruction, une photo de groupe et un \u00e9chauffement cycliste, les participants ont \u00e9t\u00e9 soumis \u00e0 un test d&rsquo;auto-r\u00e9flexion : est-ce que je suis d&rsquo;accord avec \u00ab\u00a0Je sais faire du v\u00e9lo, je sais changer de vitesse mais j&rsquo;aimerais quand m\u00eame apprendre \u00e0 faire du v\u00e9lo\u00a0\u00bb ou avec \u00ab\u00a0Huh guidance&#8230;. ? Je vais vous montrer comment faire\u00a0\u00bb. Les divisions ont \u00e9t\u00e9 faites et les deux groupes \u00e9taient pr\u00eats \u00e0 prendre la route. <\/p>\n<p>Les participants ont \u00e9t\u00e9 confront\u00e9s \u00e0 de nombreux d\u00e9fis : passage en douceur au-dessus d&rsquo;un tronc d&rsquo;arbre, virages serr\u00e9s dans un slalom, mont\u00e9es et descentes difficiles et m\u00eame un troupeau de moutons qui broutait sur le parcours. Si vous regardez bien, que vous posez votre v\u00e9lo \u00e0 plat dans un coin et que vous r\u00e9partissez bien votre \u00e9quilibre, le VTT n&rsquo;est finalement pas si difficile. Sauf pour ceux qui ont voulu faire une pause dans la clinique pour aller d\u00e9guster un vin chez Jachtslot Mookerhei.  <\/p>\n<p>Les guides de MTB-clinic.co.uk ont offert aux participants 2 heures de pistes vari\u00e9es, de techniques et de man\u0153uvres afin que chacun revienne \u00e0 la ferme avec une meilleure ma\u00eetrise du VTT.<\/p>\n<p>Apr\u00e8s une bonne douche chaude et un massage pour ceux qui le souhaitaient, le barbecue a \u00e9t\u00e9 bien appr\u00e9ci\u00e9. La bonne compagnie, les boissons et la nourriture d\u00e9licieuse \u00e9taient des ingr\u00e9dients parfaits pour discuter apr\u00e8s, appr\u00e9cier mais aussi faire de nouveaux contacts et \u00e9changer des id\u00e9es. <\/p>\n<p>Avec un soleil couchant et des v\u00e9t\u00e9tistes satisfaits, la septi\u00e8me clinique de VTT de Gwynt s&rsquo;est achev\u00e9e une fois de plus&#8230; Un apr\u00e8s-midi de et avec de vieilles connaissances, de nouveaux visages, sportif et convivial, comme s&rsquo;il s&rsquo;agissait d&rsquo;une r\u00e9union de famille.<br \/>\nNous sommes ravis que vous ayez \u00e9t\u00e9 l\u00e0 (encore) pour faire de cette journ\u00e9e un souvenir m\u00e9morable et nous remercions tout particuli\u00e8rement Adrie et les instructeurs de MTB-clinic.nl pour leurs conseils positifs et avis\u00e9s.<\/p>\n<p>Nous vous donnons rendez-vous l&rsquo;ann\u00e9e prochaine !<\/p>\n","protected":false},"excerpt":{"rendered":"<p>L&rsquo;apr\u00e8s-midi du mercredi 7 juin a \u00e9t\u00e9 difficile, avec un ciel typiquement hollandais, du vent et de la pluie (averses). Des conditions id\u00e9ales pour mettre au d\u00e9fi les participants du stage de VTT de Gwynt. Ceux-ci braveront les \u00e9l\u00e9ments et am\u00e9lioreront leurs comp\u00e9tences en VTT avec de vrais professionnels. Pleins d&rsquo;enthousiasme et l&rsquo;\u0153il riv\u00e9 sur [&hellip;]<\/p>\n","protected":false},"author":1,"featured_media":247406,"comment_status":"open","ping_status":"open","sticky":false,"template":"","format":"standard","meta":{"_et_pb_use_builder":"","_et_pb_old_content":"","_et_gb_content_width":"","content-type":"","inline_featured_image":false,"footnotes":""},"categories":[178],"tags":[],"class_list":["post-247404","post","type-post","status-publish","format-standard","has-post-thumbnail","hentry","category-evenements"],"yoast_head":"<!-- This site is optimized with the Yoast SEO plugin v26.7 - https:\/\/yoast.com\/wordpress\/plugins\/seo\/ -->\n<title>Clinique de v\u00e9lo de montagne Gwynt 2017 - Gwynt<\/title>\n<meta name=\"robots\" content=\"index, follow, max-snippet:-1, max-image-preview:large, max-video-preview:-1\" \/>\n<link rel=\"canonical\" href=\"https:\/\/www.gwynt.eu\/fr\/clinique-de-velo-de-montagne-gwynt-2017\/\" \/>\n<meta property=\"og:locale\" content=\"fr_FR\" \/>\n<meta property=\"og:type\" content=\"article\" \/>\n<meta property=\"og:title\" content=\"Clinique de v\u00e9lo de montagne Gwynt 2017 - Gwynt\" \/>\n<meta property=\"og:description\" content=\"L&rsquo;apr\u00e8s-midi du mercredi 7 juin a \u00e9t\u00e9 difficile, avec un ciel typiquement hollandais, du vent et de la pluie (averses). Des conditions id\u00e9ales pour mettre au d\u00e9fi les participants du stage de VTT de Gwynt. Ceux-ci braveront les \u00e9l\u00e9ments et am\u00e9lioreront leurs comp\u00e9tences en VTT avec de vrais professionnels. Pleins d&rsquo;enthousiasme et l&rsquo;\u0153il riv\u00e9 sur [&hellip;]\" \/>\n<meta property=\"og:url\" content=\"https:\/\/www.gwynt.eu\/fr\/clinique-de-velo-de-montagne-gwynt-2017\/\" \/>\n<meta property=\"og:site_name\" content=\"Gwynt\" \/>\n<meta property=\"article:published_time\" content=\"2017-06-23T11:53:40+00:00\" \/>\n<meta property=\"og:image\" content=\"https:\/\/www.gwynt.eu\/wp-content\/uploads\/MTB-clinic.jpg\" \/>\n\t<meta property=\"og:image:width\" content=\"1567\" \/>\n\t<meta property=\"og:image:height\" content=\"811\" \/>\n\t<meta property=\"og:image:type\" content=\"image\/jpeg\" \/>\n<meta name=\"author\" content=\"analyze-design\" \/>\n<meta name=\"twitter:card\" content=\"summary_large_image\" \/>\n<meta name=\"twitter:label1\" content=\"\u00c9crit par\" \/>\n\t<meta name=\"twitter:data1\" content=\"analyze-design\" \/>\n\t<meta name=\"twitter:label2\" content=\"Dur\u00e9e de lecture estim\u00e9e\" \/>\n\t<meta name=\"twitter:data2\" content=\"3 minutes\" \/>\n<script type=\"application\/ld+json\" class=\"yoast-schema-graph\">{\"@context\":\"https:\/\/schema.org\",\"@graph\":[{\"@type\":\"Article\",\"@id\":\"https:\/\/www.gwynt.eu\/fr\/clinique-de-velo-de-montagne-gwynt-2017\/#article\",\"isPartOf\":{\"@id\":\"https:\/\/www.gwynt.eu\/fr\/clinique-de-velo-de-montagne-gwynt-2017\/\"},\"author\":{\"name\":\"analyze-design\",\"@id\":\"https:\/\/www.gwynt.eu\/fr\/#\/schema\/person\/e215c0f4e38eb82d2aa4f951a28a22ec\"},\"headline\":\"Clinique de v\u00e9lo de montagne Gwynt 2017\",\"datePublished\":\"2017-06-23T11:53:40+00:00\",\"mainEntityOfPage\":{\"@id\":\"https:\/\/www.gwynt.eu\/fr\/clinique-de-velo-de-montagne-gwynt-2017\/\"},\"wordCount\":578,\"commentCount\":0,\"publisher\":{\"@id\":\"https:\/\/www.gwynt.eu\/fr\/#organization\"},\"image\":{\"@id\":\"https:\/\/www.gwynt.eu\/fr\/clinique-de-velo-de-montagne-gwynt-2017\/#primaryimage\"},\"thumbnailUrl\":\"https:\/\/www.gwynt.eu\/wp-content\/uploads\/MTB-clinic.jpg\",\"articleSection\":[\"Ev\u00e9nements\"],\"inLanguage\":\"fr-FR\",\"potentialAction\":[{\"@type\":\"CommentAction\",\"name\":\"Comment\",\"target\":[\"https:\/\/www.gwynt.eu\/fr\/clinique-de-velo-de-montagne-gwynt-2017\/#respond\"]}]},{\"@type\":\"WebPage\",\"@id\":\"https:\/\/www.gwynt.eu\/fr\/clinique-de-velo-de-montagne-gwynt-2017\/\",\"url\":\"https:\/\/www.gwynt.eu\/fr\/clinique-de-velo-de-montagne-gwynt-2017\/\",\"name\":\"Clinique de v\u00e9lo de montagne Gwynt 2017 - Gwynt\",\"isPartOf\":{\"@id\":\"https:\/\/www.gwynt.eu\/fr\/#website\"},\"primaryImageOfPage\":{\"@id\":\"https:\/\/www.gwynt.eu\/fr\/clinique-de-velo-de-montagne-gwynt-2017\/#primaryimage\"},\"image\":{\"@id\":\"https:\/\/www.gwynt.eu\/fr\/clinique-de-velo-de-montagne-gwynt-2017\/#primaryimage\"},\"thumbnailUrl\":\"https:\/\/www.gwynt.eu\/wp-content\/uploads\/MTB-clinic.jpg\",\"datePublished\":\"2017-06-23T11:53:40+00:00\",\"breadcrumb\":{\"@id\":\"https:\/\/www.gwynt.eu\/fr\/clinique-de-velo-de-montagne-gwynt-2017\/#breadcrumb\"},\"inLanguage\":\"fr-FR\",\"potentialAction\":[{\"@type\":\"ReadAction\",\"target\":[\"https:\/\/www.gwynt.eu\/fr\/clinique-de-velo-de-montagne-gwynt-2017\/\"]}]},{\"@type\":\"ImageObject\",\"inLanguage\":\"fr-FR\",\"@id\":\"https:\/\/www.gwynt.eu\/fr\/clinique-de-velo-de-montagne-gwynt-2017\/#primaryimage\",\"url\":\"https:\/\/www.gwynt.eu\/wp-content\/uploads\/MTB-clinic.jpg\",\"contentUrl\":\"https:\/\/www.gwynt.eu\/wp-content\/uploads\/MTB-clinic.jpg\",\"width\":1567,\"height\":811},{\"@type\":\"BreadcrumbList\",\"@id\":\"https:\/\/www.gwynt.eu\/fr\/clinique-de-velo-de-montagne-gwynt-2017\/#breadcrumb\",\"itemListElement\":[{\"@type\":\"ListItem\",\"position\":1,\"name\":\"Accueil\",\"item\":\"https:\/\/www.gwynt.eu\/fr\/page-daccueil-propre\/\"},{\"@type\":\"ListItem\",\"position\":2,\"name\":\"Clinique de v\u00e9lo de montagne Gwynt 2017\"}]},{\"@type\":\"WebSite\",\"@id\":\"https:\/\/www.gwynt.eu\/fr\/#website\",\"url\":\"https:\/\/www.gwynt.eu\/fr\/\",\"name\":\"Gwynt\",\"description\":\"Echte doorbraken bereik je samen\",\"publisher\":{\"@id\":\"https:\/\/www.gwynt.eu\/fr\/#organization\"},\"potentialAction\":[{\"@type\":\"SearchAction\",\"target\":{\"@type\":\"EntryPoint\",\"urlTemplate\":\"https:\/\/www.gwynt.eu\/fr\/?s={search_term_string}\"},\"query-input\":{\"@type\":\"PropertyValueSpecification\",\"valueRequired\":true,\"valueName\":\"search_term_string\"}}],\"inLanguage\":\"fr-FR\"},{\"@type\":\"Organization\",\"@id\":\"https:\/\/www.gwynt.eu\/fr\/#organization\",\"name\":\"Gwynt\",\"url\":\"https:\/\/www.gwynt.eu\/fr\/\",\"logo\":{\"@type\":\"ImageObject\",\"inLanguage\":\"fr-FR\",\"@id\":\"https:\/\/www.gwynt.eu\/fr\/#\/schema\/logo\/image\/\",\"url\":\"https:\/\/www.gwynt.eu\/wp-content\/uploads\/GWYNT_LOGO_RGB.png\",\"contentUrl\":\"https:\/\/www.gwynt.eu\/wp-content\/uploads\/GWYNT_LOGO_RGB.png\",\"width\":363,\"height\":431,\"caption\":\"Gwynt\"},\"image\":{\"@id\":\"https:\/\/www.gwynt.eu\/fr\/#\/schema\/logo\/image\/\"},\"sameAs\":[\"https:\/\/www.linkedin.com\/company\/gwynt\/mycompany\/\"]},{\"@type\":\"Person\",\"@id\":\"https:\/\/www.gwynt.eu\/fr\/#\/schema\/person\/e215c0f4e38eb82d2aa4f951a28a22ec\",\"name\":\"analyze-design\",\"image\":{\"@type\":\"ImageObject\",\"inLanguage\":\"fr-FR\",\"@id\":\"https:\/\/www.gwynt.eu\/fr\/#\/schema\/person\/image\/\",\"url\":\"https:\/\/www.gwynt.eu\/wp-content\/litespeed\/avatar\/114e82b0aa4d6255894fb2c382b4e0ca.jpg?ver=1776819174\",\"contentUrl\":\"https:\/\/www.gwynt.eu\/wp-content\/litespeed\/avatar\/114e82b0aa4d6255894fb2c382b4e0ca.jpg?ver=1776819174\",\"caption\":\"analyze-design\"},\"sameAs\":[\"https:\/\/www.gwynt.eu\"],\"url\":\"https:\/\/www.gwynt.eu\/fr\/author\/analyze-design\/\"}]}<\/script>\n<!-- \/ Yoast SEO plugin. -->","yoast_head_json":{"title":"Clinique de v\u00e9lo de montagne Gwynt 2017 - Gwynt","robots":{"index":"index","follow":"follow","max-snippet":"max-snippet:-1","max-image-preview":"max-image-preview:large","max-video-preview":"max-video-preview:-1"},"canonical":"https:\/\/www.gwynt.eu\/fr\/clinique-de-velo-de-montagne-gwynt-2017\/","og_locale":"fr_FR","og_type":"article","og_title":"Clinique de v\u00e9lo de montagne Gwynt 2017 - Gwynt","og_description":"L&rsquo;apr\u00e8s-midi du mercredi 7 juin a \u00e9t\u00e9 difficile, avec un ciel typiquement hollandais, du vent et de la pluie (averses). Des conditions id\u00e9ales pour mettre au d\u00e9fi les participants du stage de VTT de Gwynt. Ceux-ci braveront les \u00e9l\u00e9ments et am\u00e9lioreront leurs comp\u00e9tences en VTT avec de vrais professionnels. Pleins d&rsquo;enthousiasme et l&rsquo;\u0153il riv\u00e9 sur [&hellip;]","og_url":"https:\/\/www.gwynt.eu\/fr\/clinique-de-velo-de-montagne-gwynt-2017\/","og_site_name":"Gwynt","article_published_time":"2017-06-23T11:53:40+00:00","og_image":[{"width":1567,"height":811,"url":"https:\/\/www.gwynt.eu\/wp-content\/uploads\/MTB-clinic.jpg","type":"image\/jpeg"}],"author":"analyze-design","twitter_card":"summary_large_image","twitter_misc":{"\u00c9crit par":"analyze-design","Dur\u00e9e de lecture estim\u00e9e":"3 minutes"},"schema":{"@context":"https:\/\/schema.org","@graph":[{"@type":"Article","@id":"https:\/\/www.gwynt.eu\/fr\/clinique-de-velo-de-montagne-gwynt-2017\/#article","isPartOf":{"@id":"https:\/\/www.gwynt.eu\/fr\/clinique-de-velo-de-montagne-gwynt-2017\/"},"author":{"name":"analyze-design","@id":"https:\/\/www.gwynt.eu\/fr\/#\/schema\/person\/e215c0f4e38eb82d2aa4f951a28a22ec"},"headline":"Clinique de v\u00e9lo de montagne Gwynt 2017","datePublished":"2017-06-23T11:53:40+00:00","mainEntityOfPage":{"@id":"https:\/\/www.gwynt.eu\/fr\/clinique-de-velo-de-montagne-gwynt-2017\/"},"wordCount":578,"commentCount":0,"publisher":{"@id":"https:\/\/www.gwynt.eu\/fr\/#organization"},"image":{"@id":"https:\/\/www.gwynt.eu\/fr\/clinique-de-velo-de-montagne-gwynt-2017\/#primaryimage"},"thumbnailUrl":"https:\/\/www.gwynt.eu\/wp-content\/uploads\/MTB-clinic.jpg","articleSection":["Ev\u00e9nements"],"inLanguage":"fr-FR","potentialAction":[{"@type":"CommentAction","name":"Comment","target":["https:\/\/www.gwynt.eu\/fr\/clinique-de-velo-de-montagne-gwynt-2017\/#respond"]}]},{"@type":"WebPage","@id":"https:\/\/www.gwynt.eu\/fr\/clinique-de-velo-de-montagne-gwynt-2017\/","url":"https:\/\/www.gwynt.eu\/fr\/clinique-de-velo-de-montagne-gwynt-2017\/","name":"Clinique de v\u00e9lo de montagne Gwynt 2017 - Gwynt","isPartOf":{"@id":"https:\/\/www.gwynt.eu\/fr\/#website"},"primaryImageOfPage":{"@id":"https:\/\/www.gwynt.eu\/fr\/clinique-de-velo-de-montagne-gwynt-2017\/#primaryimage"},"image":{"@id":"https:\/\/www.gwynt.eu\/fr\/clinique-de-velo-de-montagne-gwynt-2017\/#primaryimage"},"thumbnailUrl":"https:\/\/www.gwynt.eu\/wp-content\/uploads\/MTB-clinic.jpg","datePublished":"2017-06-23T11:53:40+00:00","breadcrumb":{"@id":"https:\/\/www.gwynt.eu\/fr\/clinique-de-velo-de-montagne-gwynt-2017\/#breadcrumb"},"inLanguage":"fr-FR","potentialAction":[{"@type":"ReadAction","target":["https:\/\/www.gwynt.eu\/fr\/clinique-de-velo-de-montagne-gwynt-2017\/"]}]},{"@type":"ImageObject","inLanguage":"fr-FR","@id":"https:\/\/www.gwynt.eu\/fr\/clinique-de-velo-de-montagne-gwynt-2017\/#primaryimage","url":"https:\/\/www.gwynt.eu\/wp-content\/uploads\/MTB-clinic.jpg","contentUrl":"https:\/\/www.gwynt.eu\/wp-content\/uploads\/MTB-clinic.jpg","width":1567,"height":811},{"@type":"BreadcrumbList","@id":"https:\/\/www.gwynt.eu\/fr\/clinique-de-velo-de-montagne-gwynt-2017\/#breadcrumb","itemListElement":[{"@type":"ListItem","position":1,"name":"Accueil","item":"https:\/\/www.gwynt.eu\/fr\/page-daccueil-propre\/"},{"@type":"ListItem","position":2,"name":"Clinique de v\u00e9lo de montagne Gwynt 2017"}]},{"@type":"WebSite","@id":"https:\/\/www.gwynt.eu\/fr\/#website","url":"https:\/\/www.gwynt.eu\/fr\/","name":"Gwynt","description":"Echte doorbraken bereik je samen","publisher":{"@id":"https:\/\/www.gwynt.eu\/fr\/#organization"},"potentialAction":[{"@type":"SearchAction","target":{"@type":"EntryPoint","urlTemplate":"https:\/\/www.gwynt.eu\/fr\/?s={search_term_string}"},"query-input":{"@type":"PropertyValueSpecification","valueRequired":true,"valueName":"search_term_string"}}],"inLanguage":"fr-FR"},{"@type":"Organization","@id":"https:\/\/www.gwynt.eu\/fr\/#organization","name":"Gwynt","url":"https:\/\/www.gwynt.eu\/fr\/","logo":{"@type":"ImageObject","inLanguage":"fr-FR","@id":"https:\/\/www.gwynt.eu\/fr\/#\/schema\/logo\/image\/","url":"https:\/\/www.gwynt.eu\/wp-content\/uploads\/GWYNT_LOGO_RGB.png","contentUrl":"https:\/\/www.gwynt.eu\/wp-content\/uploads\/GWYNT_LOGO_RGB.png","width":363,"height":431,"caption":"Gwynt"},"image":{"@id":"https:\/\/www.gwynt.eu\/fr\/#\/schema\/logo\/image\/"},"sameAs":["https:\/\/www.linkedin.com\/company\/gwynt\/mycompany\/"]},{"@type":"Person","@id":"https:\/\/www.gwynt.eu\/fr\/#\/schema\/person\/e215c0f4e38eb82d2aa4f951a28a22ec","name":"analyze-design","image":{"@type":"ImageObject","inLanguage":"fr-FR","@id":"https:\/\/www.gwynt.eu\/fr\/#\/schema\/person\/image\/","url":"https:\/\/www.gwynt.eu\/wp-content\/litespeed\/avatar\/114e82b0aa4d6255894fb2c382b4e0ca.jpg?ver=1776819174","contentUrl":"https:\/\/www.gwynt.eu\/wp-content\/litespeed\/avatar\/114e82b0aa4d6255894fb2c382b4e0ca.jpg?ver=1776819174","caption":"analyze-design"},"sameAs":["https:\/\/www.gwynt.eu"],"url":"https:\/\/www.gwynt.eu\/fr\/author\/analyze-design\/"}]}},"_links":{"self":[{"href":"https:\/\/www.gwynt.eu\/fr\/wp-json\/wp\/v2\/posts\/247404","targetHints":{"allow":["GET"]}}],"collection":[{"href":"https:\/\/www.gwynt.eu\/fr\/wp-json\/wp\/v2\/posts"}],"about":[{"href":"https:\/\/www.gwynt.eu\/fr\/wp-json\/wp\/v2\/types\/post"}],"author":[{"embeddable":true,"href":"https:\/\/www.gwynt.eu\/fr\/wp-json\/wp\/v2\/users\/1"}],"replies":[{"embeddable":true,"href":"https:\/\/www.gwynt.eu\/fr\/wp-json\/wp\/v2\/comments?post=247404"}],"version-history":[{"count":0,"href":"https:\/\/www.gwynt.eu\/fr\/wp-json\/wp\/v2\/posts\/247404\/revisions"}],"wp:featuredmedia":[{"embeddable":true,"href":"https:\/\/www.gwynt.eu\/fr\/wp-json\/wp\/v2\/media\/247406"}],"wp:attachment":[{"href":"https:\/\/www.gwynt.eu\/fr\/wp-json\/wp\/v2\/media?parent=247404"}],"wp:term":[{"taxonomy":"category","embeddable":true,"href":"https:\/\/www.gwynt.eu\/fr\/wp-json\/wp\/v2\/categories?post=247404"},{"taxonomy":"post_tag","embeddable":true,"href":"https:\/\/www.gwynt.eu\/fr\/wp-json\/wp\/v2\/tags?post=247404"}],"curies":[{"name":"wp","href":"https:\/\/api.w.org\/{rel}","templated":true}]}}