{"id":247397,"date":"2017-10-26T11:05:44","date_gmt":"2017-10-26T11:05:44","guid":{"rendered":"https:\/\/www.gwynt.eu\/la-contribution-de-gwynt-au-succes-du-fm-day-2017\/"},"modified":"2017-10-26T11:05:44","modified_gmt":"2017-10-26T11:05:44","slug":"la-contribution-de-gwynt-au-succes-du-fm-day-2017","status":"publish","type":"post","link":"https:\/\/www.gwynt.eu\/fr\/la-contribution-de-gwynt-au-succes-du-fm-day-2017\/","title":{"rendered":"La contribution de Gwynt au succ\u00e8s du FM Day 2017"},"content":{"rendered":"<p data-bind-html-compile=\"collectionItems['articles'][0].intro\">Le FM Day 2017 proposait un programme dynamique avec des intervenants int\u00e9ressants, une excellente hospitalit\u00e9 et de nombreuses opportunit\u00e9s de r\u00e9seautage. Gwynt \u00e9tait l&rsquo;un des partenaires qui ont rendu l&rsquo;\u00e9v\u00e9nement possible et a accueilli l&rsquo;une des classes de ma\u00eetre. <\/p>\n<p data-bind-html-compile=\"collectionItems['articles'][0].intro\">La professionnalisation des entreprises familiales est un sujet qui a fait couler beaucoup d&rsquo;encre ces derni\u00e8res ann\u00e9es. D&rsquo;un point de vue \u00e9motionnel, le dirigeant familial ne souhaite souvent pas du tout se professionnaliser. La grande peur ou l&rsquo;allergie de la famille est souvent de voir l&rsquo;entreprise se transformer en une entreprise bureaucratique et rigide o\u00f9 les valeurs et l&rsquo;identit\u00e9 familiales dispara\u00eetraient.  <\/p>\n<p data-bind-html-compile=\"collectionItems['articles'][0].intro\">Au cours de la session \u00ab\u00a0L&rsquo;importance de la relation entre les valeurs familiales et les objectifs op\u00e9rationnels et financiers\u00a0\u00bb, Dirk Harm Eijssen a expliqu\u00e9 \u00e0 quel point il est crucial d&rsquo;\u00e9tablir la relation entre les valeurs familiales et les objectifs op\u00e9rationnels et financiers et quel est le r\u00f4le du directeur financier \u00e0 cet \u00e9gard. Des exemples pratiques ont \u00e9t\u00e9 utilis\u00e9s pour illustrer les questions \u00ab\u00a0sous l&rsquo;eau\u00a0\u00bb lors de la r\u00e9alisation de ces objectifs. <\/p>\n<p data-bind-html-compile=\"collectionItems['articles'][0].intro\">Vous pouvez lire le rapport de la Journ\u00e9e de la libert\u00e9 de la presse 2017 <a href=\"https:\/\/financieel-management.nl\/artikel\/finance-groeiparadox-founders-mentality-fm-dag-2017\">ici.<\/a> <\/p>\n","protected":false},"excerpt":{"rendered":"<p>Le FM Day 2017 proposait un programme dynamique avec des intervenants int\u00e9ressants, une excellente hospitalit\u00e9 et de nombreuses opportunit\u00e9s de r\u00e9seautage. Gwynt \u00e9tait l&rsquo;un des partenaires qui ont rendu l&rsquo;\u00e9v\u00e9nement possible et a accueilli l&rsquo;une des classes de ma\u00eetre. La professionnalisation des entreprises familiales est un sujet qui a fait couler beaucoup d&rsquo;encre ces derni\u00e8res [&hellip;]<\/p>\n","protected":false},"author":1,"featured_media":247399,"comment_status":"open","ping_status":"open","sticky":false,"template":"","format":"standard","meta":{"_et_pb_use_builder":"","_et_pb_old_content":"","_et_gb_content_width":"","content-type":"","inline_featured_image":false,"footnotes":""},"categories":[178],"tags":[],"class_list":["post-247397","post","type-post","status-publish","format-standard","has-post-thumbnail","hentry","category-evenements"],"yoast_head":"<!-- This site is optimized with the Yoast SEO plugin v26.7 - https:\/\/yoast.com\/wordpress\/plugins\/seo\/ -->\n<title>La contribution de Gwynt au succ\u00e8s du FM Day 2017 - Gwynt<\/title>\n<meta name=\"robots\" content=\"index, follow, max-snippet:-1, max-image-preview:large, max-video-preview:-1\" \/>\n<link rel=\"canonical\" href=\"https:\/\/www.gwynt.eu\/fr\/la-contribution-de-gwynt-au-succes-du-fm-day-2017\/\" \/>\n<meta property=\"og:locale\" content=\"fr_FR\" \/>\n<meta property=\"og:type\" content=\"article\" \/>\n<meta property=\"og:title\" content=\"La contribution de Gwynt au succ\u00e8s du FM Day 2017 - Gwynt\" \/>\n<meta property=\"og:description\" content=\"Le FM Day 2017 proposait un programme dynamique avec des intervenants int\u00e9ressants, une excellente hospitalit\u00e9 et de nombreuses opportunit\u00e9s de r\u00e9seautage. Gwynt \u00e9tait l&rsquo;un des partenaires qui ont rendu l&rsquo;\u00e9v\u00e9nement possible et a accueilli l&rsquo;une des classes de ma\u00eetre. La professionnalisation des entreprises familiales est un sujet qui a fait couler beaucoup d&rsquo;encre ces derni\u00e8res [&hellip;]\" \/>\n<meta property=\"og:url\" content=\"https:\/\/www.gwynt.eu\/fr\/la-contribution-de-gwynt-au-succes-du-fm-day-2017\/\" \/>\n<meta property=\"og:site_name\" content=\"Gwynt\" \/>\n<meta property=\"article:published_time\" content=\"2017-10-26T11:05:44+00:00\" \/>\n<meta property=\"og:image\" content=\"https:\/\/www.gwynt.eu\/wp-content\/uploads\/FM-Dag-11-oktober-2017-00001.jpg\" \/>\n\t<meta property=\"og:image:width\" content=\"800\" \/>\n\t<meta property=\"og:image:height\" content=\"534\" \/>\n\t<meta property=\"og:image:type\" content=\"image\/jpeg\" \/>\n<meta name=\"author\" content=\"analyze-design\" \/>\n<meta name=\"twitter:card\" content=\"summary_large_image\" \/>\n<meta name=\"twitter:label1\" content=\"\u00c9crit par\" \/>\n\t<meta name=\"twitter:data1\" content=\"analyze-design\" \/>\n\t<meta name=\"twitter:label2\" content=\"Dur\u00e9e de lecture estim\u00e9e\" \/>\n\t<meta name=\"twitter:data2\" content=\"1 minute\" \/>\n<script type=\"application\/ld+json\" class=\"yoast-schema-graph\">{\"@context\":\"https:\/\/schema.org\",\"@graph\":[{\"@type\":\"Article\",\"@id\":\"https:\/\/www.gwynt.eu\/fr\/la-contribution-de-gwynt-au-succes-du-fm-day-2017\/#article\",\"isPartOf\":{\"@id\":\"https:\/\/www.gwynt.eu\/fr\/la-contribution-de-gwynt-au-succes-du-fm-day-2017\/\"},\"author\":{\"name\":\"analyze-design\",\"@id\":\"https:\/\/www.gwynt.eu\/fr\/#\/schema\/person\/e215c0f4e38eb82d2aa4f951a28a22ec\"},\"headline\":\"La contribution de Gwynt au succ\u00e8s du FM Day 2017\",\"datePublished\":\"2017-10-26T11:05:44+00:00\",\"mainEntityOfPage\":{\"@id\":\"https:\/\/www.gwynt.eu\/fr\/la-contribution-de-gwynt-au-succes-du-fm-day-2017\/\"},\"wordCount\":220,\"commentCount\":0,\"publisher\":{\"@id\":\"https:\/\/www.gwynt.eu\/fr\/#organization\"},\"image\":{\"@id\":\"https:\/\/www.gwynt.eu\/fr\/la-contribution-de-gwynt-au-succes-du-fm-day-2017\/#primaryimage\"},\"thumbnailUrl\":\"https:\/\/www.gwynt.eu\/wp-content\/uploads\/FM-Dag-11-oktober-2017-00001.jpg\",\"articleSection\":[\"Ev\u00e9nements\"],\"inLanguage\":\"fr-FR\",\"potentialAction\":[{\"@type\":\"CommentAction\",\"name\":\"Comment\",\"target\":[\"https:\/\/www.gwynt.eu\/fr\/la-contribution-de-gwynt-au-succes-du-fm-day-2017\/#respond\"]}]},{\"@type\":\"WebPage\",\"@id\":\"https:\/\/www.gwynt.eu\/fr\/la-contribution-de-gwynt-au-succes-du-fm-day-2017\/\",\"url\":\"https:\/\/www.gwynt.eu\/fr\/la-contribution-de-gwynt-au-succes-du-fm-day-2017\/\",\"name\":\"La contribution de Gwynt au succ\u00e8s du FM Day 2017 - Gwynt\",\"isPartOf\":{\"@id\":\"https:\/\/www.gwynt.eu\/fr\/#website\"},\"primaryImageOfPage\":{\"@id\":\"https:\/\/www.gwynt.eu\/fr\/la-contribution-de-gwynt-au-succes-du-fm-day-2017\/#primaryimage\"},\"image\":{\"@id\":\"https:\/\/www.gwynt.eu\/fr\/la-contribution-de-gwynt-au-succes-du-fm-day-2017\/#primaryimage\"},\"thumbnailUrl\":\"https:\/\/www.gwynt.eu\/wp-content\/uploads\/FM-Dag-11-oktober-2017-00001.jpg\",\"datePublished\":\"2017-10-26T11:05:44+00:00\",\"breadcrumb\":{\"@id\":\"https:\/\/www.gwynt.eu\/fr\/la-contribution-de-gwynt-au-succes-du-fm-day-2017\/#breadcrumb\"},\"inLanguage\":\"fr-FR\",\"potentialAction\":[{\"@type\":\"ReadAction\",\"target\":[\"https:\/\/www.gwynt.eu\/fr\/la-contribution-de-gwynt-au-succes-du-fm-day-2017\/\"]}]},{\"@type\":\"ImageObject\",\"inLanguage\":\"fr-FR\",\"@id\":\"https:\/\/www.gwynt.eu\/fr\/la-contribution-de-gwynt-au-succes-du-fm-day-2017\/#primaryimage\",\"url\":\"https:\/\/www.gwynt.eu\/wp-content\/uploads\/FM-Dag-11-oktober-2017-00001.jpg\",\"contentUrl\":\"https:\/\/www.gwynt.eu\/wp-content\/uploads\/FM-Dag-11-oktober-2017-00001.jpg\",\"width\":800,\"height\":534},{\"@type\":\"BreadcrumbList\",\"@id\":\"https:\/\/www.gwynt.eu\/fr\/la-contribution-de-gwynt-au-succes-du-fm-day-2017\/#breadcrumb\",\"itemListElement\":[{\"@type\":\"ListItem\",\"position\":1,\"name\":\"Accueil\",\"item\":\"https:\/\/www.gwynt.eu\/fr\/page-daccueil-propre\/\"},{\"@type\":\"ListItem\",\"position\":2,\"name\":\"La contribution de Gwynt au succ\u00e8s du FM Day 2017\"}]},{\"@type\":\"WebSite\",\"@id\":\"https:\/\/www.gwynt.eu\/fr\/#website\",\"url\":\"https:\/\/www.gwynt.eu\/fr\/\",\"name\":\"Gwynt\",\"description\":\"Echte doorbraken bereik je samen\",\"publisher\":{\"@id\":\"https:\/\/www.gwynt.eu\/fr\/#organization\"},\"potentialAction\":[{\"@type\":\"SearchAction\",\"target\":{\"@type\":\"EntryPoint\",\"urlTemplate\":\"https:\/\/www.gwynt.eu\/fr\/?s={search_term_string}\"},\"query-input\":{\"@type\":\"PropertyValueSpecification\",\"valueRequired\":true,\"valueName\":\"search_term_string\"}}],\"inLanguage\":\"fr-FR\"},{\"@type\":\"Organization\",\"@id\":\"https:\/\/www.gwynt.eu\/fr\/#organization\",\"name\":\"Gwynt\",\"url\":\"https:\/\/www.gwynt.eu\/fr\/\",\"logo\":{\"@type\":\"ImageObject\",\"inLanguage\":\"fr-FR\",\"@id\":\"https:\/\/www.gwynt.eu\/fr\/#\/schema\/logo\/image\/\",\"url\":\"https:\/\/www.gwynt.eu\/wp-content\/uploads\/GWYNT_LOGO_RGB.png\",\"contentUrl\":\"https:\/\/www.gwynt.eu\/wp-content\/uploads\/GWYNT_LOGO_RGB.png\",\"width\":363,\"height\":431,\"caption\":\"Gwynt\"},\"image\":{\"@id\":\"https:\/\/www.gwynt.eu\/fr\/#\/schema\/logo\/image\/\"},\"sameAs\":[\"https:\/\/www.linkedin.com\/company\/gwynt\/mycompany\/\"]},{\"@type\":\"Person\",\"@id\":\"https:\/\/www.gwynt.eu\/fr\/#\/schema\/person\/e215c0f4e38eb82d2aa4f951a28a22ec\",\"name\":\"analyze-design\",\"image\":{\"@type\":\"ImageObject\",\"inLanguage\":\"fr-FR\",\"@id\":\"https:\/\/www.gwynt.eu\/fr\/#\/schema\/person\/image\/\",\"url\":\"https:\/\/www.gwynt.eu\/wp-content\/litespeed\/avatar\/114e82b0aa4d6255894fb2c382b4e0ca.jpg?ver=1776819174\",\"contentUrl\":\"https:\/\/www.gwynt.eu\/wp-content\/litespeed\/avatar\/114e82b0aa4d6255894fb2c382b4e0ca.jpg?ver=1776819174\",\"caption\":\"analyze-design\"},\"sameAs\":[\"https:\/\/www.gwynt.eu\"],\"url\":\"https:\/\/www.gwynt.eu\/fr\/author\/analyze-design\/\"}]}<\/script>\n<!-- \/ Yoast SEO plugin. -->","yoast_head_json":{"title":"La contribution de Gwynt au succ\u00e8s du FM Day 2017 - Gwynt","robots":{"index":"index","follow":"follow","max-snippet":"max-snippet:-1","max-image-preview":"max-image-preview:large","max-video-preview":"max-video-preview:-1"},"canonical":"https:\/\/www.gwynt.eu\/fr\/la-contribution-de-gwynt-au-succes-du-fm-day-2017\/","og_locale":"fr_FR","og_type":"article","og_title":"La contribution de Gwynt au succ\u00e8s du FM Day 2017 - Gwynt","og_description":"Le FM Day 2017 proposait un programme dynamique avec des intervenants int\u00e9ressants, une excellente hospitalit\u00e9 et de nombreuses opportunit\u00e9s de r\u00e9seautage. Gwynt \u00e9tait l&rsquo;un des partenaires qui ont rendu l&rsquo;\u00e9v\u00e9nement possible et a accueilli l&rsquo;une des classes de ma\u00eetre. La professionnalisation des entreprises familiales est un sujet qui a fait couler beaucoup d&rsquo;encre ces derni\u00e8res [&hellip;]","og_url":"https:\/\/www.gwynt.eu\/fr\/la-contribution-de-gwynt-au-succes-du-fm-day-2017\/","og_site_name":"Gwynt","article_published_time":"2017-10-26T11:05:44+00:00","og_image":[{"width":800,"height":534,"url":"https:\/\/www.gwynt.eu\/wp-content\/uploads\/FM-Dag-11-oktober-2017-00001.jpg","type":"image\/jpeg"}],"author":"analyze-design","twitter_card":"summary_large_image","twitter_misc":{"\u00c9crit par":"analyze-design","Dur\u00e9e de lecture estim\u00e9e":"1 minute"},"schema":{"@context":"https:\/\/schema.org","@graph":[{"@type":"Article","@id":"https:\/\/www.gwynt.eu\/fr\/la-contribution-de-gwynt-au-succes-du-fm-day-2017\/#article","isPartOf":{"@id":"https:\/\/www.gwynt.eu\/fr\/la-contribution-de-gwynt-au-succes-du-fm-day-2017\/"},"author":{"name":"analyze-design","@id":"https:\/\/www.gwynt.eu\/fr\/#\/schema\/person\/e215c0f4e38eb82d2aa4f951a28a22ec"},"headline":"La contribution de Gwynt au succ\u00e8s du FM Day 2017","datePublished":"2017-10-26T11:05:44+00:00","mainEntityOfPage":{"@id":"https:\/\/www.gwynt.eu\/fr\/la-contribution-de-gwynt-au-succes-du-fm-day-2017\/"},"wordCount":220,"commentCount":0,"publisher":{"@id":"https:\/\/www.gwynt.eu\/fr\/#organization"},"image":{"@id":"https:\/\/www.gwynt.eu\/fr\/la-contribution-de-gwynt-au-succes-du-fm-day-2017\/#primaryimage"},"thumbnailUrl":"https:\/\/www.gwynt.eu\/wp-content\/uploads\/FM-Dag-11-oktober-2017-00001.jpg","articleSection":["Ev\u00e9nements"],"inLanguage":"fr-FR","potentialAction":[{"@type":"CommentAction","name":"Comment","target":["https:\/\/www.gwynt.eu\/fr\/la-contribution-de-gwynt-au-succes-du-fm-day-2017\/#respond"]}]},{"@type":"WebPage","@id":"https:\/\/www.gwynt.eu\/fr\/la-contribution-de-gwynt-au-succes-du-fm-day-2017\/","url":"https:\/\/www.gwynt.eu\/fr\/la-contribution-de-gwynt-au-succes-du-fm-day-2017\/","name":"La contribution de Gwynt au succ\u00e8s du FM Day 2017 - Gwynt","isPartOf":{"@id":"https:\/\/www.gwynt.eu\/fr\/#website"},"primaryImageOfPage":{"@id":"https:\/\/www.gwynt.eu\/fr\/la-contribution-de-gwynt-au-succes-du-fm-day-2017\/#primaryimage"},"image":{"@id":"https:\/\/www.gwynt.eu\/fr\/la-contribution-de-gwynt-au-succes-du-fm-day-2017\/#primaryimage"},"thumbnailUrl":"https:\/\/www.gwynt.eu\/wp-content\/uploads\/FM-Dag-11-oktober-2017-00001.jpg","datePublished":"2017-10-26T11:05:44+00:00","breadcrumb":{"@id":"https:\/\/www.gwynt.eu\/fr\/la-contribution-de-gwynt-au-succes-du-fm-day-2017\/#breadcrumb"},"inLanguage":"fr-FR","potentialAction":[{"@type":"ReadAction","target":["https:\/\/www.gwynt.eu\/fr\/la-contribution-de-gwynt-au-succes-du-fm-day-2017\/"]}]},{"@type":"ImageObject","inLanguage":"fr-FR","@id":"https:\/\/www.gwynt.eu\/fr\/la-contribution-de-gwynt-au-succes-du-fm-day-2017\/#primaryimage","url":"https:\/\/www.gwynt.eu\/wp-content\/uploads\/FM-Dag-11-oktober-2017-00001.jpg","contentUrl":"https:\/\/www.gwynt.eu\/wp-content\/uploads\/FM-Dag-11-oktober-2017-00001.jpg","width":800,"height":534},{"@type":"BreadcrumbList","@id":"https:\/\/www.gwynt.eu\/fr\/la-contribution-de-gwynt-au-succes-du-fm-day-2017\/#breadcrumb","itemListElement":[{"@type":"ListItem","position":1,"name":"Accueil","item":"https:\/\/www.gwynt.eu\/fr\/page-daccueil-propre\/"},{"@type":"ListItem","position":2,"name":"La contribution de Gwynt au succ\u00e8s du FM Day 2017"}]},{"@type":"WebSite","@id":"https:\/\/www.gwynt.eu\/fr\/#website","url":"https:\/\/www.gwynt.eu\/fr\/","name":"Gwynt","description":"Echte doorbraken bereik je samen","publisher":{"@id":"https:\/\/www.gwynt.eu\/fr\/#organization"},"potentialAction":[{"@type":"SearchAction","target":{"@type":"EntryPoint","urlTemplate":"https:\/\/www.gwynt.eu\/fr\/?s={search_term_string}"},"query-input":{"@type":"PropertyValueSpecification","valueRequired":true,"valueName":"search_term_string"}}],"inLanguage":"fr-FR"},{"@type":"Organization","@id":"https:\/\/www.gwynt.eu\/fr\/#organization","name":"Gwynt","url":"https:\/\/www.gwynt.eu\/fr\/","logo":{"@type":"ImageObject","inLanguage":"fr-FR","@id":"https:\/\/www.gwynt.eu\/fr\/#\/schema\/logo\/image\/","url":"https:\/\/www.gwynt.eu\/wp-content\/uploads\/GWYNT_LOGO_RGB.png","contentUrl":"https:\/\/www.gwynt.eu\/wp-content\/uploads\/GWYNT_LOGO_RGB.png","width":363,"height":431,"caption":"Gwynt"},"image":{"@id":"https:\/\/www.gwynt.eu\/fr\/#\/schema\/logo\/image\/"},"sameAs":["https:\/\/www.linkedin.com\/company\/gwynt\/mycompany\/"]},{"@type":"Person","@id":"https:\/\/www.gwynt.eu\/fr\/#\/schema\/person\/e215c0f4e38eb82d2aa4f951a28a22ec","name":"analyze-design","image":{"@type":"ImageObject","inLanguage":"fr-FR","@id":"https:\/\/www.gwynt.eu\/fr\/#\/schema\/person\/image\/","url":"https:\/\/www.gwynt.eu\/wp-content\/litespeed\/avatar\/114e82b0aa4d6255894fb2c382b4e0ca.jpg?ver=1776819174","contentUrl":"https:\/\/www.gwynt.eu\/wp-content\/litespeed\/avatar\/114e82b0aa4d6255894fb2c382b4e0ca.jpg?ver=1776819174","caption":"analyze-design"},"sameAs":["https:\/\/www.gwynt.eu"],"url":"https:\/\/www.gwynt.eu\/fr\/author\/analyze-design\/"}]}},"_links":{"self":[{"href":"https:\/\/www.gwynt.eu\/fr\/wp-json\/wp\/v2\/posts\/247397","targetHints":{"allow":["GET"]}}],"collection":[{"href":"https:\/\/www.gwynt.eu\/fr\/wp-json\/wp\/v2\/posts"}],"about":[{"href":"https:\/\/www.gwynt.eu\/fr\/wp-json\/wp\/v2\/types\/post"}],"author":[{"embeddable":true,"href":"https:\/\/www.gwynt.eu\/fr\/wp-json\/wp\/v2\/users\/1"}],"replies":[{"embeddable":true,"href":"https:\/\/www.gwynt.eu\/fr\/wp-json\/wp\/v2\/comments?post=247397"}],"version-history":[{"count":0,"href":"https:\/\/www.gwynt.eu\/fr\/wp-json\/wp\/v2\/posts\/247397\/revisions"}],"wp:featuredmedia":[{"embeddable":true,"href":"https:\/\/www.gwynt.eu\/fr\/wp-json\/wp\/v2\/media\/247399"}],"wp:attachment":[{"href":"https:\/\/www.gwynt.eu\/fr\/wp-json\/wp\/v2\/media?parent=247397"}],"wp:term":[{"taxonomy":"category","embeddable":true,"href":"https:\/\/www.gwynt.eu\/fr\/wp-json\/wp\/v2\/categories?post=247397"},{"taxonomy":"post_tag","embeddable":true,"href":"https:\/\/www.gwynt.eu\/fr\/wp-json\/wp\/v2\/tags?post=247397"}],"curies":[{"name":"wp","href":"https:\/\/api.w.org\/{rel}","templated":true}]}}