{"id":247270,"date":"2015-12-31T21:00:44","date_gmt":"2015-12-31T21:00:44","guid":{"rendered":"https:\/\/www.gwynt.eu\/conduire-le-changement-organisationnel\/"},"modified":"2015-12-31T21:00:44","modified_gmt":"2015-12-31T21:00:44","slug":"conduire-le-changement-organisationnel","status":"publish","type":"post","link":"https:\/\/www.gwynt.eu\/fr\/conduire-le-changement-organisationnel\/","title":{"rendered":"Conduire le changement organisationnel"},"content":{"rendered":"<p>Comment piloter la mise en \u0153uvre et obtenir des am\u00e9liorations<\/p>\n<h4><strong>Introduction<\/strong><\/h4>\n<p>En tant que consultants en gestion, nous entendons souvent des cadres et des dirigeants nous dire que leurs programmes d&rsquo;am\u00e9lioration sont en quelque sorte au point mort. Ils savent souvent ce qu&rsquo;ils veulent atteindre, mais le chemin pour y parvenir est beaucoup moins clair. Les premiers entretiens r\u00e9v\u00e8lent souvent que certaines \u00e9tapes du changement n&rsquo;ont pas fait l&rsquo;objet d&rsquo;une attention suffisante au d\u00e9but du processus de transformation. Une approche structur\u00e9e et \u00e9quilibr\u00e9e de la conduite du changement organisationnel peut \u00e9viter cela. Dans ce livre blanc, nous pr\u00e9sentons succinctement les quatre phases principales de tout processus de changement organisationnel. Le fait de suivre ces phases correctement augmente les chances de r\u00e9ussite de la mise en \u0153uvre des programmes d&rsquo;am\u00e9lioration.     <\/p>\n<p>Vous trouverez ci-dessous une explication plus d\u00e9taill\u00e9e de chaque phase.<\/p>\n<h4><strong>1. Cibler et motiver<\/strong><\/h4>\n<p>Votre point de d\u00e9part est largement d\u00e9termin\u00e9 par vos ambitions et la situation dans laquelle vous vous trouvez. Pour vous faire une id\u00e9e pr\u00e9cise de l&rsquo;endroit o\u00f9 vous voulez aller, posez-vous les questions suivantes. Que veulent nos clients ? Comment ressentons-nous la pression concurrentielle et quelles sont les opportunit\u00e9s qui s&rsquo;offrent \u00e0 nous ? Quelles sont nos performances par rapport \u00e0 celles de nos concurrents (crit\u00e8res de r\u00e9f\u00e9rence) ? Quelles sont les possibilit\u00e9s d&rsquo;am\u00e9lioration de notre mod\u00e8le organisationnel ? Les r\u00e9sultats de ces questions vous permettront de d\u00e9finir votre ambition strat\u00e9gique (vision, objectifs et priorit\u00e9s). \u00c0 ce stade, il est particuli\u00e8rement important d&rsquo;indiquer pourquoi le changement est n\u00e9cessaire, \u00e0 quoi il ressemblera dans les grandes lignes et quels en seront les avantages. Laissez le \u00ab\u00a0comment\u00a0\u00bb pour l&rsquo;instant. Laissez d&rsquo;abord les gens voir l&rsquo;utilit\u00e9 du changement, cr\u00e9ez un soutien et motivez-les pour qu&rsquo;ils commencent \u00e0 r\u00e9aliser le changement. Une bonne communication interne et un bon \u00ab\u00a0storytelling\u00a0\u00bb sont importants. Avez-vous une vision inspirante et une image attrayante de l&rsquo;avenir ? Avez-vous indiqu\u00e9 pourquoi le changement est n\u00e9cessaire et quels sont les risques de ne pas changer ? Les gens ont-ils entendu votre message ? Y croient-ils ? Savent-ils ce qu&rsquo;il signifie ?               <\/p>\n<p>Au cours de la premi\u00e8re phase, il est important de mobiliser les personnes ouvertes et d\u00e9sireuses de changer. Par leur implication et leur participation visible, elles peuvent faire avancer le changement. Ces personnes peuvent devenir des promoteurs forts et actifs du changement. Elles peuvent influencer positivement les dissidents les plus virulents. N&rsquo;oubliez pas d&rsquo;\u00e9couter les \u00ab\u00a0obstructionnistes\u00a0\u00bb qui sont incertains et\/ou oppos\u00e9s au changement. Comprenez leurs objections et leurs arguments. Le pouvoir de l&rsquo;\u00e9coute et de l&#8217;empathie est souvent sous-estim\u00e9. Dans de nombreux cas, les gens veulent simplement \u00eatre entendus et pris au s\u00e9rieux. \u00c9couter et comprendre leurs objections permet souvent de r\u00e9soudre les conflits. En fait, l&rsquo;\u00e9coute peut aider \u00e0 identifier les malentendus concernant le changement.         <\/p>\n<h4><strong>2. Mise en place et explication<\/strong><\/h4>\n<p>Pour parvenir au changement souhait\u00e9, il est n\u00e9cessaire que les gens comprennent \u00e0 quoi ressemblera l&rsquo;avenir et comment y parvenir. Les cons\u00e9quences personnelles devront \u00e9galement \u00eatre clairement d\u00e9finies. Une feuille de route claire en termes de portefeuille d&rsquo;initiatives, de plan de communication, de calendrier et de gestion des risques peut \u00eatre utile. Cela va au-del\u00e0 d&rsquo;une description g\u00e9n\u00e9rale de la situation souhait\u00e9e. Les gens doivent comprendre ce qui sera diff\u00e9rent et ce qui restera inchang\u00e9. Pour permettre une ex\u00e9cution r\u00e9ussie de la strat\u00e9gie, il est donc \u00e9galement important de mettre en place l&rsquo;organisation avec soin et de mani\u00e8re concr\u00e8te (structure, r\u00f4les, processus, gouvernance et attentes). Vous devrez \u00e9galement identifier les conditions organisationnelles requises pour r\u00e9aliser le changement souhait\u00e9 (connaissances, comp\u00e9tences, culture souhait\u00e9e, outils et ressources). La conception, la coordination et le contr\u00f4le du travail doivent \u00eatre laiss\u00e9s principalement aux sup\u00e9rieurs hi\u00e9rarchiques et aux employ\u00e9s eux-m\u00eames. Le fait de confier des responsabilit\u00e9s \u00e0 des \u00e9chelons inf\u00e9rieurs encourage l&rsquo;appropriation. Toutefois, il est important que les responsables hi\u00e9rarchiques soient soutenus dans cette d\u00e9marche. Pour orienter la pr\u00e9paration de la mise en \u0153uvre dans la bonne direction et soutenir les responsables hi\u00e9rarchiques, il est conseill\u00e9 de mettre en place une \u00e9quipe de direction du changement et un comit\u00e9 de pilotage parrain\u00e9 par le conseil d&rsquo;administration.          <\/p>\n<h4>3. <strong>Performance et coaching<\/strong><\/h4>\n<p>La phase de mise en \u0153uvre fait appel \u00e0 des personnes comp\u00e9tentes et motiv\u00e9es qui croient aux ambitions de l&rsquo;organisation et partagent un objectif commun. Il est important de placer les bonnes personnes au bon endroit et d&rsquo;investir dans le d\u00e9veloppement de leurs comp\u00e9tences et de leurs talents. \u00c0 cet \u00e9gard, le manager a un r\u00f4le important \u00e0 jouer. Il doit \u00eatre un exemple \u00e0 suivre, en donnant des orientations, en encadrant et en stimulant les personnes, et en donnant un sens \u00e0 chaque action. Au cours de cette phase, il est important de contr\u00f4ler les progr\u00e8s r\u00e9alis\u00e9s en mati\u00e8re de conformit\u00e9 avec la \u00ab\u00a0nouvelle m\u00e9thode de travail\u00a0\u00bb, d&rsquo;\u00e9liminer les obstacles et d&rsquo;encourager le trait et la collaboration. N&rsquo;oubliez pas non plus de c\u00e9l\u00e9brer les r\u00e9ussites. En c\u00e9l\u00e9brant les succ\u00e8s, vous exprimez votre reconnaissance pour le travail acharn\u00e9 des gens. Il en r\u00e9sulte un environnement de travail positif.       <\/p>\n<h4><strong>4. S&rsquo;adapter et se renforcer<\/strong><\/h4>\n<p>Il n&rsquo;est d\u00e9j\u00e0 pas facile d&rsquo;op\u00e9rer un changement. Mais il est encore plus difficile de le garantir, de le d\u00e9velopper, de l&rsquo;am\u00e9liorer et de l&rsquo;adapter. Vous devez vous engager dans une strat\u00e9gie et un mod\u00e8le organisationnel, mais aussi avoir le courage de les adapter si la situation l&rsquo;exige. La capacit\u00e9 \u00e0 g\u00e9rer dynamiquement une organisation devient la principale source de comp\u00e9titivit\u00e9. La capacit\u00e9 d&rsquo;adaptation de l&rsquo;organisation peut \u00eatre accrue par la mise en place d&rsquo;une plateforme \u00ab\u00a0analyse - focalisation - ex\u00e9cution - \u00e9valuation\u00a0\u00bb et par le renforcement de la capacit\u00e9 de changement interne. Cette plateforme peut encourager le partage de nouvelles id\u00e9es et \u00e9liminer les obstacles au changement. Impliquez le plus grand nombre possible d&#8217;employ\u00e9s et de partenaires de coop\u00e9ration dans les initiatives d&rsquo;am\u00e9lioration et d&rsquo;innovation et tirez les le\u00e7ons des erreurs et des r\u00e9ussites.      <\/p>\n<h4><strong>Quand pourrons-nous passer \u00e0 la phase suivante ?<\/strong><\/h4>\n<p>Vous devrez remplir un certain nombre de conditions avant de pouvoir passer d&rsquo;une phase \u00e0 l&rsquo;autre. Chaque phase a ses propres caract\u00e9ristiques. Il est important, pour augmenter les chances de succ\u00e8s, d&rsquo;accomplir chaque phase avec soin. Vous \u00e9viterez ainsi la confusion, la r\u00e9sistance active et passive, le m\u00e9contentement des employ\u00e9s, les retards et l&rsquo;inefficacit\u00e9. Sachez que, dans la vie r\u00e9elle, le changement ne se produit pas de mani\u00e8re lin\u00e9aire, \u00e9tape par \u00e9tape. Souvent, les d\u00e9cisions prises lors d&rsquo;une phase pr\u00e9c\u00e9dente devront \u00eatre reconsid\u00e9r\u00e9es sur la base de faits et d&rsquo;informations nouveaux. M\u00eame si cela se produit, il est important de ne pas sauter d&rsquo;une phase \u00e0 l&rsquo;autre si l&rsquo;organisation n&rsquo;est pas pr\u00eate \u00e0 le faire.      <\/p>\n<h4><strong>Liste de contr\u00f4le pour mener \u00e0 bien le changement organisationnel<\/strong><\/h4>\n<p>Si vous pouvez r\u00e9pondre \u00ab\u00a0oui\u00a0\u00bb aux questions ci-dessous, relatives \u00e0 chaque phase du processus de changement organisationnel, vous \u00eates pr\u00eat \u00e0 passer \u00e0 la phase suivante.<\/p>\n<h4><strong>Cibler et motiver<\/strong><\/h4>\n<ol>\n<li>La vision strat\u00e9gique est-elle claire pour tout le monde ? Comprend-on la n\u00e9cessit\u00e9 du changement et les risques li\u00e9s \u00e0 l&rsquo;immobilisme ?<\/li>\n<li>Un certain nombre de projets d&rsquo;am\u00e9lioration concrets et prioritaires ont-ils \u00e9t\u00e9 identifi\u00e9s pour concr\u00e9tiser la vision du changement ?<\/li>\n<li>Les gens comprennent-ils l&rsquo;int\u00e9r\u00eat du changement et se sentent-ils concern\u00e9s ?<\/li>\n<\/ol>\n<h4><strong>Mise en place et explication<\/strong><\/h4>\n<ol start=\"4\">\n<li>Une feuille de route claire a-t-elle \u00e9t\u00e9 \u00e9labor\u00e9e en termes de portefeuille d&rsquo;initiatives (li\u00e9es aux voies d&rsquo;am\u00e9lioration), de calendrier et de gestion des risques ?<\/li>\n<li>Existe-t-il une \u00e9quipe de transition capable de collaborer avec la ligne hi\u00e9rarchique pour \u00e9laborer le mod\u00e8le d&rsquo;organisation et de gouvernance (structure, r\u00f4les, comp\u00e9tences n\u00e9cessaires, outils et indicateurs cl\u00e9s de performance) ?<\/li>\n<li>Les personnes comprennent-elles l&rsquo;objectif, leur r\u00f4le et le chemin \u00e0 parcourir pour y parvenir (attentes), et une attention particuli\u00e8re est-elle accord\u00e9e \u00e0 la mise en place de programmes de formation et de d\u00e9veloppement ?<\/li>\n<\/ol>\n<h4><strong>Performance et coaching<\/strong><\/h4>\n<ol start=\"7\">\n<li>Un plan de transition sur mesure a-t-il \u00e9t\u00e9 \u00e9labor\u00e9 pour mettre en \u0153uvre chaque initiative d&rsquo;am\u00e9lioration, et disposons-nous des bonnes personnes au bon endroit pour le g\u00e9rer ?<\/li>\n<li>A-t-on cr\u00e9\u00e9 suffisamment d&rsquo;\u00e9nergie en d\u00e9crivant la culture souhait\u00e9e d&rsquo;une mani\u00e8re inspirante et en montrant \u00e0 quoi ressemble une excellente ex\u00e9cution ?<\/li>\n<li>Les managers donnent-ils le bon exemple et agissent-ils comme des coachs pour soutenir l&rsquo;ex\u00e9cution du travail ?<\/li>\n<\/ol>\n<h4><strong>S&rsquo;adapter et se renforcer<\/strong><\/h4>\n<ol start=\"10\">\n<li>Une infrastructure d&rsquo;am\u00e9lioration continue a-t-elle \u00e9t\u00e9 cr\u00e9\u00e9e pour donner corps au processus d&rsquo;am\u00e9lioration continue ?<\/li>\n<li>Le plus grand nombre possible d&#8217;employ\u00e9s et de partenaires de coop\u00e9ration sont-ils impliqu\u00e9s dans les initiatives conjointes d&rsquo;am\u00e9lioration et d&rsquo;innovation ?<\/li>\n<li>Investit-on dans le d\u00e9veloppement de leaders et d&rsquo;agents de changement internes enthousiastes, capables d&rsquo;initier et de mettre en \u0153uvre des am\u00e9liorations de mani\u00e8re ind\u00e9pendante \u00e0 l&rsquo;avenir (renforcer la capacit\u00e9 de changement interne) ?<\/li>\n<\/ol>\n","protected":false},"excerpt":{"rendered":"<p>Comment piloter la mise en \u0153uvre et obtenir des am\u00e9liorations Introduction En tant que consultants en gestion, nous entendons souvent des cadres et des dirigeants nous dire que leurs programmes d&rsquo;am\u00e9lioration sont en quelque sorte au point mort. Ils savent souvent ce qu&rsquo;ils veulent atteindre, mais le chemin pour y parvenir est beaucoup moins clair. [&hellip;]<\/p>\n","protected":false},"author":1,"featured_media":247272,"comment_status":"open","ping_status":"open","sticky":false,"template":"","format":"standard","meta":{"_et_pb_use_builder":"","_et_pb_old_content":"","_et_gb_content_width":"","content-type":"","inline_featured_image":false,"footnotes":""},"categories":[184,185,186,181,187],"tags":[],"class_list":["post-247270","post","type-post","status-publish","format-standard","has-post-thumbnail","hentry","category-entreprises-familiales","category-la-vision","category-organisation-et-personnel","category-strategie-et-innovation","category-transformation-et-operations"],"yoast_head":"<!-- This site is optimized with the Yoast SEO plugin v26.7 - https:\/\/yoast.com\/wordpress\/plugins\/seo\/ -->\n<title>Conduire le changement organisationnel - Gwynt<\/title>\n<meta name=\"robots\" content=\"index, follow, max-snippet:-1, max-image-preview:large, max-video-preview:-1\" \/>\n<link rel=\"canonical\" href=\"https:\/\/www.gwynt.eu\/fr\/conduire-le-changement-organisationnel\/\" \/>\n<meta property=\"og:locale\" content=\"fr_FR\" \/>\n<meta property=\"og:type\" content=\"article\" \/>\n<meta property=\"og:title\" content=\"Conduire le changement organisationnel - Gwynt\" \/>\n<meta property=\"og:description\" content=\"Comment piloter la mise en \u0153uvre et obtenir des am\u00e9liorations Introduction En tant que consultants en gestion, nous entendons souvent des cadres et des dirigeants nous dire que leurs programmes d&rsquo;am\u00e9lioration sont en quelque sorte au point mort. Ils savent souvent ce qu&rsquo;ils veulent atteindre, mais le chemin pour y parvenir est beaucoup moins clair. [&hellip;]\" \/>\n<meta property=\"og:url\" content=\"https:\/\/www.gwynt.eu\/fr\/conduire-le-changement-organisationnel\/\" \/>\n<meta property=\"og:site_name\" content=\"Gwynt\" \/>\n<meta property=\"article:published_time\" content=\"2015-12-31T21:00:44+00:00\" \/>\n<meta property=\"og:image\" content=\"https:\/\/www.gwynt.eu\/wp-content\/uploads\/leiden.png\" \/>\n\t<meta property=\"og:image:width\" content=\"405\" \/>\n\t<meta property=\"og:image:height\" content=\"218\" \/>\n\t<meta property=\"og:image:type\" content=\"image\/png\" \/>\n<meta name=\"author\" content=\"analyze-design\" \/>\n<meta name=\"twitter:card\" content=\"summary_large_image\" \/>\n<meta name=\"twitter:label1\" content=\"\u00c9crit par\" \/>\n\t<meta name=\"twitter:data1\" content=\"analyze-design\" \/>\n\t<meta name=\"twitter:label2\" content=\"Dur\u00e9e de lecture estim\u00e9e\" \/>\n\t<meta name=\"twitter:data2\" content=\"8 minutes\" \/>\n<script type=\"application\/ld+json\" class=\"yoast-schema-graph\">{\"@context\":\"https:\/\/schema.org\",\"@graph\":[{\"@type\":\"Article\",\"@id\":\"https:\/\/www.gwynt.eu\/fr\/conduire-le-changement-organisationnel\/#article\",\"isPartOf\":{\"@id\":\"https:\/\/www.gwynt.eu\/fr\/conduire-le-changement-organisationnel\/\"},\"author\":{\"name\":\"analyze-design\",\"@id\":\"https:\/\/www.gwynt.eu\/fr\/#\/schema\/person\/e215c0f4e38eb82d2aa4f951a28a22ec\"},\"headline\":\"Conduire le changement organisationnel\",\"datePublished\":\"2015-12-31T21:00:44+00:00\",\"mainEntityOfPage\":{\"@id\":\"https:\/\/www.gwynt.eu\/fr\/conduire-le-changement-organisationnel\/\"},\"wordCount\":1601,\"commentCount\":0,\"publisher\":{\"@id\":\"https:\/\/www.gwynt.eu\/fr\/#organization\"},\"image\":{\"@id\":\"https:\/\/www.gwynt.eu\/fr\/conduire-le-changement-organisationnel\/#primaryimage\"},\"thumbnailUrl\":\"https:\/\/www.gwynt.eu\/wp-content\/uploads\/leiden.png\",\"articleSection\":[\"Entreprises familiales\",\"La vision\",\"Organisation et personnel\",\"Strat\u00e9gie et innovation\",\"Transformation et op\u00e9rations\"],\"inLanguage\":\"fr-FR\",\"potentialAction\":[{\"@type\":\"CommentAction\",\"name\":\"Comment\",\"target\":[\"https:\/\/www.gwynt.eu\/fr\/conduire-le-changement-organisationnel\/#respond\"]}]},{\"@type\":\"WebPage\",\"@id\":\"https:\/\/www.gwynt.eu\/fr\/conduire-le-changement-organisationnel\/\",\"url\":\"https:\/\/www.gwynt.eu\/fr\/conduire-le-changement-organisationnel\/\",\"name\":\"Conduire le changement organisationnel - Gwynt\",\"isPartOf\":{\"@id\":\"https:\/\/www.gwynt.eu\/fr\/#website\"},\"primaryImageOfPage\":{\"@id\":\"https:\/\/www.gwynt.eu\/fr\/conduire-le-changement-organisationnel\/#primaryimage\"},\"image\":{\"@id\":\"https:\/\/www.gwynt.eu\/fr\/conduire-le-changement-organisationnel\/#primaryimage\"},\"thumbnailUrl\":\"https:\/\/www.gwynt.eu\/wp-content\/uploads\/leiden.png\",\"datePublished\":\"2015-12-31T21:00:44+00:00\",\"breadcrumb\":{\"@id\":\"https:\/\/www.gwynt.eu\/fr\/conduire-le-changement-organisationnel\/#breadcrumb\"},\"inLanguage\":\"fr-FR\",\"potentialAction\":[{\"@type\":\"ReadAction\",\"target\":[\"https:\/\/www.gwynt.eu\/fr\/conduire-le-changement-organisationnel\/\"]}]},{\"@type\":\"ImageObject\",\"inLanguage\":\"fr-FR\",\"@id\":\"https:\/\/www.gwynt.eu\/fr\/conduire-le-changement-organisationnel\/#primaryimage\",\"url\":\"https:\/\/www.gwynt.eu\/wp-content\/uploads\/leiden.png\",\"contentUrl\":\"https:\/\/www.gwynt.eu\/wp-content\/uploads\/leiden.png\",\"width\":405,\"height\":218},{\"@type\":\"BreadcrumbList\",\"@id\":\"https:\/\/www.gwynt.eu\/fr\/conduire-le-changement-organisationnel\/#breadcrumb\",\"itemListElement\":[{\"@type\":\"ListItem\",\"position\":1,\"name\":\"Accueil\",\"item\":\"https:\/\/www.gwynt.eu\/fr\/page-daccueil-propre\/\"},{\"@type\":\"ListItem\",\"position\":2,\"name\":\"Conduire le changement organisationnel\"}]},{\"@type\":\"WebSite\",\"@id\":\"https:\/\/www.gwynt.eu\/fr\/#website\",\"url\":\"https:\/\/www.gwynt.eu\/fr\/\",\"name\":\"Gwynt\",\"description\":\"Echte doorbraken bereik je samen\",\"publisher\":{\"@id\":\"https:\/\/www.gwynt.eu\/fr\/#organization\"},\"potentialAction\":[{\"@type\":\"SearchAction\",\"target\":{\"@type\":\"EntryPoint\",\"urlTemplate\":\"https:\/\/www.gwynt.eu\/fr\/?s={search_term_string}\"},\"query-input\":{\"@type\":\"PropertyValueSpecification\",\"valueRequired\":true,\"valueName\":\"search_term_string\"}}],\"inLanguage\":\"fr-FR\"},{\"@type\":\"Organization\",\"@id\":\"https:\/\/www.gwynt.eu\/fr\/#organization\",\"name\":\"Gwynt\",\"url\":\"https:\/\/www.gwynt.eu\/fr\/\",\"logo\":{\"@type\":\"ImageObject\",\"inLanguage\":\"fr-FR\",\"@id\":\"https:\/\/www.gwynt.eu\/fr\/#\/schema\/logo\/image\/\",\"url\":\"https:\/\/www.gwynt.eu\/wp-content\/uploads\/GWYNT_LOGO_RGB.png\",\"contentUrl\":\"https:\/\/www.gwynt.eu\/wp-content\/uploads\/GWYNT_LOGO_RGB.png\",\"width\":363,\"height\":431,\"caption\":\"Gwynt\"},\"image\":{\"@id\":\"https:\/\/www.gwynt.eu\/fr\/#\/schema\/logo\/image\/\"},\"sameAs\":[\"https:\/\/www.linkedin.com\/company\/gwynt\/mycompany\/\"]},{\"@type\":\"Person\",\"@id\":\"https:\/\/www.gwynt.eu\/fr\/#\/schema\/person\/e215c0f4e38eb82d2aa4f951a28a22ec\",\"name\":\"analyze-design\",\"image\":{\"@type\":\"ImageObject\",\"inLanguage\":\"fr-FR\",\"@id\":\"https:\/\/www.gwynt.eu\/fr\/#\/schema\/person\/image\/\",\"url\":\"https:\/\/www.gwynt.eu\/wp-content\/litespeed\/avatar\/114e82b0aa4d6255894fb2c382b4e0ca.jpg?ver=1776819174\",\"contentUrl\":\"https:\/\/www.gwynt.eu\/wp-content\/litespeed\/avatar\/114e82b0aa4d6255894fb2c382b4e0ca.jpg?ver=1776819174\",\"caption\":\"analyze-design\"},\"sameAs\":[\"https:\/\/www.gwynt.eu\"],\"url\":\"https:\/\/www.gwynt.eu\/fr\/author\/analyze-design\/\"}]}<\/script>\n<!-- \/ Yoast SEO plugin. -->","yoast_head_json":{"title":"Conduire le changement organisationnel - Gwynt","robots":{"index":"index","follow":"follow","max-snippet":"max-snippet:-1","max-image-preview":"max-image-preview:large","max-video-preview":"max-video-preview:-1"},"canonical":"https:\/\/www.gwynt.eu\/fr\/conduire-le-changement-organisationnel\/","og_locale":"fr_FR","og_type":"article","og_title":"Conduire le changement organisationnel - Gwynt","og_description":"Comment piloter la mise en \u0153uvre et obtenir des am\u00e9liorations Introduction En tant que consultants en gestion, nous entendons souvent des cadres et des dirigeants nous dire que leurs programmes d&rsquo;am\u00e9lioration sont en quelque sorte au point mort. Ils savent souvent ce qu&rsquo;ils veulent atteindre, mais le chemin pour y parvenir est beaucoup moins clair. [&hellip;]","og_url":"https:\/\/www.gwynt.eu\/fr\/conduire-le-changement-organisationnel\/","og_site_name":"Gwynt","article_published_time":"2015-12-31T21:00:44+00:00","og_image":[{"width":405,"height":218,"url":"https:\/\/www.gwynt.eu\/wp-content\/uploads\/leiden.png","type":"image\/png"}],"author":"analyze-design","twitter_card":"summary_large_image","twitter_misc":{"\u00c9crit par":"analyze-design","Dur\u00e9e de lecture estim\u00e9e":"8 minutes"},"schema":{"@context":"https:\/\/schema.org","@graph":[{"@type":"Article","@id":"https:\/\/www.gwynt.eu\/fr\/conduire-le-changement-organisationnel\/#article","isPartOf":{"@id":"https:\/\/www.gwynt.eu\/fr\/conduire-le-changement-organisationnel\/"},"author":{"name":"analyze-design","@id":"https:\/\/www.gwynt.eu\/fr\/#\/schema\/person\/e215c0f4e38eb82d2aa4f951a28a22ec"},"headline":"Conduire le changement organisationnel","datePublished":"2015-12-31T21:00:44+00:00","mainEntityOfPage":{"@id":"https:\/\/www.gwynt.eu\/fr\/conduire-le-changement-organisationnel\/"},"wordCount":1601,"commentCount":0,"publisher":{"@id":"https:\/\/www.gwynt.eu\/fr\/#organization"},"image":{"@id":"https:\/\/www.gwynt.eu\/fr\/conduire-le-changement-organisationnel\/#primaryimage"},"thumbnailUrl":"https:\/\/www.gwynt.eu\/wp-content\/uploads\/leiden.png","articleSection":["Entreprises familiales","La vision","Organisation et personnel","Strat\u00e9gie et innovation","Transformation et op\u00e9rations"],"inLanguage":"fr-FR","potentialAction":[{"@type":"CommentAction","name":"Comment","target":["https:\/\/www.gwynt.eu\/fr\/conduire-le-changement-organisationnel\/#respond"]}]},{"@type":"WebPage","@id":"https:\/\/www.gwynt.eu\/fr\/conduire-le-changement-organisationnel\/","url":"https:\/\/www.gwynt.eu\/fr\/conduire-le-changement-organisationnel\/","name":"Conduire le changement organisationnel - Gwynt","isPartOf":{"@id":"https:\/\/www.gwynt.eu\/fr\/#website"},"primaryImageOfPage":{"@id":"https:\/\/www.gwynt.eu\/fr\/conduire-le-changement-organisationnel\/#primaryimage"},"image":{"@id":"https:\/\/www.gwynt.eu\/fr\/conduire-le-changement-organisationnel\/#primaryimage"},"thumbnailUrl":"https:\/\/www.gwynt.eu\/wp-content\/uploads\/leiden.png","datePublished":"2015-12-31T21:00:44+00:00","breadcrumb":{"@id":"https:\/\/www.gwynt.eu\/fr\/conduire-le-changement-organisationnel\/#breadcrumb"},"inLanguage":"fr-FR","potentialAction":[{"@type":"ReadAction","target":["https:\/\/www.gwynt.eu\/fr\/conduire-le-changement-organisationnel\/"]}]},{"@type":"ImageObject","inLanguage":"fr-FR","@id":"https:\/\/www.gwynt.eu\/fr\/conduire-le-changement-organisationnel\/#primaryimage","url":"https:\/\/www.gwynt.eu\/wp-content\/uploads\/leiden.png","contentUrl":"https:\/\/www.gwynt.eu\/wp-content\/uploads\/leiden.png","width":405,"height":218},{"@type":"BreadcrumbList","@id":"https:\/\/www.gwynt.eu\/fr\/conduire-le-changement-organisationnel\/#breadcrumb","itemListElement":[{"@type":"ListItem","position":1,"name":"Accueil","item":"https:\/\/www.gwynt.eu\/fr\/page-daccueil-propre\/"},{"@type":"ListItem","position":2,"name":"Conduire le changement organisationnel"}]},{"@type":"WebSite","@id":"https:\/\/www.gwynt.eu\/fr\/#website","url":"https:\/\/www.gwynt.eu\/fr\/","name":"Gwynt","description":"Echte doorbraken bereik je samen","publisher":{"@id":"https:\/\/www.gwynt.eu\/fr\/#organization"},"potentialAction":[{"@type":"SearchAction","target":{"@type":"EntryPoint","urlTemplate":"https:\/\/www.gwynt.eu\/fr\/?s={search_term_string}"},"query-input":{"@type":"PropertyValueSpecification","valueRequired":true,"valueName":"search_term_string"}}],"inLanguage":"fr-FR"},{"@type":"Organization","@id":"https:\/\/www.gwynt.eu\/fr\/#organization","name":"Gwynt","url":"https:\/\/www.gwynt.eu\/fr\/","logo":{"@type":"ImageObject","inLanguage":"fr-FR","@id":"https:\/\/www.gwynt.eu\/fr\/#\/schema\/logo\/image\/","url":"https:\/\/www.gwynt.eu\/wp-content\/uploads\/GWYNT_LOGO_RGB.png","contentUrl":"https:\/\/www.gwynt.eu\/wp-content\/uploads\/GWYNT_LOGO_RGB.png","width":363,"height":431,"caption":"Gwynt"},"image":{"@id":"https:\/\/www.gwynt.eu\/fr\/#\/schema\/logo\/image\/"},"sameAs":["https:\/\/www.linkedin.com\/company\/gwynt\/mycompany\/"]},{"@type":"Person","@id":"https:\/\/www.gwynt.eu\/fr\/#\/schema\/person\/e215c0f4e38eb82d2aa4f951a28a22ec","name":"analyze-design","image":{"@type":"ImageObject","inLanguage":"fr-FR","@id":"https:\/\/www.gwynt.eu\/fr\/#\/schema\/person\/image\/","url":"https:\/\/www.gwynt.eu\/wp-content\/litespeed\/avatar\/114e82b0aa4d6255894fb2c382b4e0ca.jpg?ver=1776819174","contentUrl":"https:\/\/www.gwynt.eu\/wp-content\/litespeed\/avatar\/114e82b0aa4d6255894fb2c382b4e0ca.jpg?ver=1776819174","caption":"analyze-design"},"sameAs":["https:\/\/www.gwynt.eu"],"url":"https:\/\/www.gwynt.eu\/fr\/author\/analyze-design\/"}]}},"_links":{"self":[{"href":"https:\/\/www.gwynt.eu\/fr\/wp-json\/wp\/v2\/posts\/247270","targetHints":{"allow":["GET"]}}],"collection":[{"href":"https:\/\/www.gwynt.eu\/fr\/wp-json\/wp\/v2\/posts"}],"about":[{"href":"https:\/\/www.gwynt.eu\/fr\/wp-json\/wp\/v2\/types\/post"}],"author":[{"embeddable":true,"href":"https:\/\/www.gwynt.eu\/fr\/wp-json\/wp\/v2\/users\/1"}],"replies":[{"embeddable":true,"href":"https:\/\/www.gwynt.eu\/fr\/wp-json\/wp\/v2\/comments?post=247270"}],"version-history":[{"count":0,"href":"https:\/\/www.gwynt.eu\/fr\/wp-json\/wp\/v2\/posts\/247270\/revisions"}],"wp:featuredmedia":[{"embeddable":true,"href":"https:\/\/www.gwynt.eu\/fr\/wp-json\/wp\/v2\/media\/247272"}],"wp:attachment":[{"href":"https:\/\/www.gwynt.eu\/fr\/wp-json\/wp\/v2\/media?parent=247270"}],"wp:term":[{"taxonomy":"category","embeddable":true,"href":"https:\/\/www.gwynt.eu\/fr\/wp-json\/wp\/v2\/categories?post=247270"},{"taxonomy":"post_tag","embeddable":true,"href":"https:\/\/www.gwynt.eu\/fr\/wp-json\/wp\/v2\/tags?post=247270"}],"curies":[{"name":"wp","href":"https:\/\/api.w.org\/{rel}","templated":true}]}}