{"id":247254,"date":"2017-11-08T10:30:47","date_gmt":"2017-11-08T10:30:47","guid":{"rendered":"https:\/\/www.gwynt.eu\/le-sens-et-le-non-sens-de-lelaboration-dune-strategie-dans-lentreprise-familiale\/"},"modified":"2017-11-08T10:30:47","modified_gmt":"2017-11-08T10:30:47","slug":"le-sens-et-le-non-sens-de-lelaboration-dune-strategie-dans-lentreprise-familiale","status":"publish","type":"post","link":"https:\/\/www.gwynt.eu\/fr\/le-sens-et-le-non-sens-de-lelaboration-dune-strategie-dans-lentreprise-familiale\/","title":{"rendered":"Le sens et le non-sens de l&rsquo;\u00e9laboration d&rsquo;une strat\u00e9gie dans l&rsquo;entreprise familiale"},"content":{"rendered":"<h4>Agilit\u00e9 ou strat\u00e9gie<\/h4>\n<p>La r\u00e9ussite de nombreuses entreprises familiales et entrepreneuriales n&rsquo;est souvent pas le r\u00e9sultat d&rsquo;une strat\u00e9gie et d&rsquo;un plan d&rsquo;affaires \u00e9labor\u00e9s \u00e0 long terme. C&rsquo;est pr\u00e9cis\u00e9ment le fait de r\u00e9agir aux opportunit\u00e9s, d&rsquo;\u00eatre agile et de faire des affaires \u00e0 partir de l&rsquo;intuition et de l&rsquo;esprit de d\u00e9cision qui a permis \u00e0 ces entreprises de r\u00e9ussir. La recherche a \u00e9galement montr\u00e9 qu&rsquo;une strat\u00e9gie d\u00e9lib\u00e9r\u00e9e \u00e0 long terme (\u00ab\u00a0strat\u00e9gie d\u00e9lib\u00e9r\u00e9e\u00a0\u00bb) ne conduit pas n\u00e9cessairement \u00e0 de meilleurs r\u00e9sultats qu&rsquo;une strat\u00e9gie qui se d\u00e9veloppe au fil du temps (\u00ab\u00a0strat\u00e9gie \u00e9mergente\u00a0\u00bb). Cela signifie-t-il qu&rsquo;il n&rsquo;est pas utile de consacrer du temps \u00e0 la formulation de la strat\u00e9gie et de la partager avec l&rsquo;organisation ? Et comment s&rsquo;assurer que la strat\u00e9gie ne reste pas un tigre de papier, mais qu&rsquo;elle ajoute r\u00e9ellement de la valeur et donne de l&rsquo;\u00e9lan \u00e0 l&rsquo;entreprise ?    <\/p>\n<h4>Lier la strat\u00e9gie aux valeurs et aux chiffres<\/h4>\n<p>Fondamentalement, une strat\u00e9gie n&rsquo;est ni plus ni moins qu&rsquo;un ensemble d&rsquo;objectifs (finaux), d&rsquo;actions \u00e9labor\u00e9es pour atteindre ces objectifs et pour lib\u00e9rer les personnes et les ressources n\u00e9cessaires \u00e0 la mise en \u0153uvre de ces actions. Ce faisant, il y a essentiellement deux possibilit\u00e9s : faire ce que d&rsquo;autres font aussi, mais moins cher, ou faire ce que d&rsquo;autres ne font pas (encore). Toutefois, une strat\u00e9gie peut \u00e9galement \u00eatre consid\u00e9r\u00e9e comme une esquisse attrayante de l&rsquo;avenir. Le fait de lier les valeurs de la famille et de l&rsquo;entreprise \u00e0 la strat\u00e9gie lui conf\u00e8re beaucoup plus d&rsquo;attrait et de solidit\u00e9. En m\u00eame temps, cela rend plus pertinent pour les employ\u00e9s de travailler dans et pour l&rsquo;entreprise. Un exemple : une valeur importante pour une entreprise est le savoir-faire artisanal. Le d\u00e9fi consiste \u00e0 traduire cette valeur dans la strat\u00e9gie. Quels objectifs (et quelles actions) pouvons-nous fixer pour rendre l&rsquo;artisanat visible dans la pratique pour les clients et les employ\u00e9s ? Cela peut \u00eatre concr\u00e9tis\u00e9, par exemple, en fixant l&rsquo;objectif que l&rsquo;entreprise soit reconnue par le march\u00e9 (clients et concurrents) comme leader dans un certain domaine, qu&rsquo;il y ait donc des formations internes et un transfert de connaissances entre professionnels, que l&rsquo;artisanat fasse partie de la m\u00e9thodologie d&rsquo;\u00e9valuation et que le degr\u00e9 d&rsquo;artisanat soit rendu objectif. Qui ne voudrait pas travailler pour une telle entreprise ? Et quel client ne voudrait pas travailler avec une entreprise qui apprend continuellement et qui a des travailleurs qualifi\u00e9s. Cela permet \u00e0 l&rsquo;entreprise de rester agile et flexible, car la strat\u00e9gie n&rsquo;est pas li\u00e9e \u00e0 un march\u00e9 ou \u00e0 un produit sp\u00e9cifique, mais au d\u00e9veloppement des connaissances et \u00e0 la capacit\u00e9 d&rsquo;apprentissage.           <\/p>\n<h4>Conseils pratiques<\/h4>\n<p>Une strat\u00e9gie ne fonctionnera pour l&rsquo;entreprise que si elle r\u00e9pond aux principes pratiques suivants :<\/p>\n<ul>\n<li>Commencez par les valeurs de la famille et de l&rsquo;entreprise. Et traduisez-les concr\u00e8tement en strat\u00e9gie. <\/li>\n<li>Une strat\u00e9gie consistant principalement en un objectif de chiffre d&rsquo;affaires et de b\u00e9n\u00e9fices ne sera jamais viable. Les employ\u00e9s ne travailleront pas plus dur, mieux ou plus intelligemment. <\/li>\n<li>Quels sont les boutons op\u00e9rationnels que vous devez tourner pour progresser vers la strat\u00e9gie. Tant que vous ne saurez pas ce que les cadres moyens et\/ou l&rsquo;homme de terrain doivent faire diff\u00e9remment, vous ne pourrez pas non plus faire de v\u00e9ritables progr\u00e8s. <\/li>\n<li>Impliquez un groupe (pas trop important) de salari\u00e9s dans l&rsquo;\u00e9laboration de la strat\u00e9gie. Ce faisant, le processus peut prendre plus de temps, mais il a beaucoup plus de chances d&rsquo;\u00eatre suivi d&rsquo;effets. <\/li>\n<li>Ne craignez pas que l&rsquo;organisation s&rsquo;\u00e9loigne de la strat\u00e9gie. Au contraire, le d\u00e9fi consiste \u00e0 concr\u00e9tiser la strat\u00e9gie intuitive et \u00e0 la communiquer. Bien entendu, si la famille ou l&rsquo;entrepreneur voit de nouvelles opportunit\u00e9s, il est toujours possible de changer de cap. Mais tant que ces opportunit\u00e9s ext\u00e9rieures ne se pr\u00e9sentent pas, les gens travaillent sans rel\u00e2che sur la strat\u00e9gie.   <\/li>\n<\/ul>\n","protected":false},"excerpt":{"rendered":"<p>Agilit\u00e9 ou strat\u00e9gie La r\u00e9ussite de nombreuses entreprises familiales et entrepreneuriales n&rsquo;est souvent pas le r\u00e9sultat d&rsquo;une strat\u00e9gie et d&rsquo;un plan d&rsquo;affaires \u00e9labor\u00e9s \u00e0 long terme. C&rsquo;est pr\u00e9cis\u00e9ment le fait de r\u00e9agir aux opportunit\u00e9s, d&rsquo;\u00eatre agile et de faire des affaires \u00e0 partir de l&rsquo;intuition et de l&rsquo;esprit de d\u00e9cision qui a permis \u00e0 ces [&hellip;]<\/p>\n","protected":false},"author":1,"featured_media":247255,"comment_status":"open","ping_status":"open","sticky":false,"template":"","format":"standard","meta":{"_et_pb_use_builder":"","_et_pb_old_content":"","_et_gb_content_width":"","content-type":"","inline_featured_image":false,"footnotes":""},"categories":[184,185],"tags":[188],"class_list":["post-247254","post","type-post","status-publish","format-standard","has-post-thumbnail","hentry","category-entreprises-familiales","category-la-vision","tag-dirk-harm-eijssen-fr"],"yoast_head":"<!-- This site is optimized with the Yoast SEO plugin v26.7 - https:\/\/yoast.com\/wordpress\/plugins\/seo\/ -->\n<title>Le sens et le non-sens de l&#039;\u00e9laboration d&#039;une strat\u00e9gie dans l&#039;entreprise familiale - Gwynt<\/title>\n<meta name=\"robots\" content=\"index, follow, max-snippet:-1, max-image-preview:large, max-video-preview:-1\" \/>\n<link rel=\"canonical\" href=\"https:\/\/www.gwynt.eu\/fr\/le-sens-et-le-non-sens-de-lelaboration-dune-strategie-dans-lentreprise-familiale\/\" \/>\n<meta property=\"og:locale\" content=\"fr_FR\" \/>\n<meta property=\"og:type\" content=\"article\" \/>\n<meta property=\"og:title\" content=\"Le sens et le non-sens de l&#039;\u00e9laboration d&#039;une strat\u00e9gie dans l&#039;entreprise familiale - Gwynt\" \/>\n<meta property=\"og:description\" content=\"Agilit\u00e9 ou strat\u00e9gie La r\u00e9ussite de nombreuses entreprises familiales et entrepreneuriales n&rsquo;est souvent pas le r\u00e9sultat d&rsquo;une strat\u00e9gie et d&rsquo;un plan d&rsquo;affaires \u00e9labor\u00e9s \u00e0 long terme. C&rsquo;est pr\u00e9cis\u00e9ment le fait de r\u00e9agir aux opportunit\u00e9s, d&rsquo;\u00eatre agile et de faire des affaires \u00e0 partir de l&rsquo;intuition et de l&rsquo;esprit de d\u00e9cision qui a permis \u00e0 ces [&hellip;]\" \/>\n<meta property=\"og:url\" content=\"https:\/\/www.gwynt.eu\/fr\/le-sens-et-le-non-sens-de-lelaboration-dune-strategie-dans-lentreprise-familiale\/\" \/>\n<meta property=\"og:site_name\" content=\"Gwynt\" \/>\n<meta property=\"article:published_time\" content=\"2017-11-08T10:30:47+00:00\" \/>\n<meta property=\"og:image\" content=\"https:\/\/www.gwynt.eu\/wp-content\/uploads\/Familiebedrijven-1.jpg\" \/>\n\t<meta property=\"og:image:width\" content=\"1200\" \/>\n\t<meta property=\"og:image:height\" content=\"800\" \/>\n\t<meta property=\"og:image:type\" content=\"image\/jpeg\" \/>\n<meta name=\"author\" content=\"analyze-design\" \/>\n<meta name=\"twitter:card\" content=\"summary_large_image\" \/>\n<meta name=\"twitter:label1\" content=\"\u00c9crit par\" \/>\n\t<meta name=\"twitter:data1\" content=\"analyze-design\" \/>\n\t<meta name=\"twitter:label2\" content=\"Dur\u00e9e de lecture estim\u00e9e\" \/>\n\t<meta name=\"twitter:data2\" content=\"3 minutes\" \/>\n<script type=\"application\/ld+json\" class=\"yoast-schema-graph\">{\"@context\":\"https:\/\/schema.org\",\"@graph\":[{\"@type\":\"Article\",\"@id\":\"https:\/\/www.gwynt.eu\/fr\/le-sens-et-le-non-sens-de-lelaboration-dune-strategie-dans-lentreprise-familiale\/#article\",\"isPartOf\":{\"@id\":\"https:\/\/www.gwynt.eu\/fr\/le-sens-et-le-non-sens-de-lelaboration-dune-strategie-dans-lentreprise-familiale\/\"},\"author\":{\"name\":\"analyze-design\",\"@id\":\"https:\/\/www.gwynt.eu\/fr\/#\/schema\/person\/e215c0f4e38eb82d2aa4f951a28a22ec\"},\"headline\":\"Le sens et le non-sens de l&rsquo;\u00e9laboration d&rsquo;une strat\u00e9gie dans l&rsquo;entreprise familiale\",\"datePublished\":\"2017-11-08T10:30:47+00:00\",\"mainEntityOfPage\":{\"@id\":\"https:\/\/www.gwynt.eu\/fr\/le-sens-et-le-non-sens-de-lelaboration-dune-strategie-dans-lentreprise-familiale\/\"},\"wordCount\":733,\"commentCount\":0,\"publisher\":{\"@id\":\"https:\/\/www.gwynt.eu\/fr\/#organization\"},\"image\":{\"@id\":\"https:\/\/www.gwynt.eu\/fr\/le-sens-et-le-non-sens-de-lelaboration-dune-strategie-dans-lentreprise-familiale\/#primaryimage\"},\"thumbnailUrl\":\"https:\/\/www.gwynt.eu\/wp-content\/uploads\/Familiebedrijven-1.jpg\",\"keywords\":[\"Dirk Harm Eijssen\"],\"articleSection\":[\"Entreprises familiales\",\"La vision\"],\"inLanguage\":\"fr-FR\",\"potentialAction\":[{\"@type\":\"CommentAction\",\"name\":\"Comment\",\"target\":[\"https:\/\/www.gwynt.eu\/fr\/le-sens-et-le-non-sens-de-lelaboration-dune-strategie-dans-lentreprise-familiale\/#respond\"]}]},{\"@type\":\"WebPage\",\"@id\":\"https:\/\/www.gwynt.eu\/fr\/le-sens-et-le-non-sens-de-lelaboration-dune-strategie-dans-lentreprise-familiale\/\",\"url\":\"https:\/\/www.gwynt.eu\/fr\/le-sens-et-le-non-sens-de-lelaboration-dune-strategie-dans-lentreprise-familiale\/\",\"name\":\"Le sens et le non-sens de l'\u00e9laboration d'une strat\u00e9gie dans l'entreprise familiale - Gwynt\",\"isPartOf\":{\"@id\":\"https:\/\/www.gwynt.eu\/fr\/#website\"},\"primaryImageOfPage\":{\"@id\":\"https:\/\/www.gwynt.eu\/fr\/le-sens-et-le-non-sens-de-lelaboration-dune-strategie-dans-lentreprise-familiale\/#primaryimage\"},\"image\":{\"@id\":\"https:\/\/www.gwynt.eu\/fr\/le-sens-et-le-non-sens-de-lelaboration-dune-strategie-dans-lentreprise-familiale\/#primaryimage\"},\"thumbnailUrl\":\"https:\/\/www.gwynt.eu\/wp-content\/uploads\/Familiebedrijven-1.jpg\",\"datePublished\":\"2017-11-08T10:30:47+00:00\",\"breadcrumb\":{\"@id\":\"https:\/\/www.gwynt.eu\/fr\/le-sens-et-le-non-sens-de-lelaboration-dune-strategie-dans-lentreprise-familiale\/#breadcrumb\"},\"inLanguage\":\"fr-FR\",\"potentialAction\":[{\"@type\":\"ReadAction\",\"target\":[\"https:\/\/www.gwynt.eu\/fr\/le-sens-et-le-non-sens-de-lelaboration-dune-strategie-dans-lentreprise-familiale\/\"]}]},{\"@type\":\"ImageObject\",\"inLanguage\":\"fr-FR\",\"@id\":\"https:\/\/www.gwynt.eu\/fr\/le-sens-et-le-non-sens-de-lelaboration-dune-strategie-dans-lentreprise-familiale\/#primaryimage\",\"url\":\"https:\/\/www.gwynt.eu\/wp-content\/uploads\/Familiebedrijven-1.jpg\",\"contentUrl\":\"https:\/\/www.gwynt.eu\/wp-content\/uploads\/Familiebedrijven-1.jpg\",\"width\":1200,\"height\":800},{\"@type\":\"BreadcrumbList\",\"@id\":\"https:\/\/www.gwynt.eu\/fr\/le-sens-et-le-non-sens-de-lelaboration-dune-strategie-dans-lentreprise-familiale\/#breadcrumb\",\"itemListElement\":[{\"@type\":\"ListItem\",\"position\":1,\"name\":\"Accueil\",\"item\":\"https:\/\/www.gwynt.eu\/fr\/page-daccueil-propre\/\"},{\"@type\":\"ListItem\",\"position\":2,\"name\":\"Le sens et le non-sens de l&#8217;\u00e9laboration d&#8217;une strat\u00e9gie dans l&#8217;entreprise familiale\"}]},{\"@type\":\"WebSite\",\"@id\":\"https:\/\/www.gwynt.eu\/fr\/#website\",\"url\":\"https:\/\/www.gwynt.eu\/fr\/\",\"name\":\"Gwynt\",\"description\":\"Echte doorbraken bereik je samen\",\"publisher\":{\"@id\":\"https:\/\/www.gwynt.eu\/fr\/#organization\"},\"potentialAction\":[{\"@type\":\"SearchAction\",\"target\":{\"@type\":\"EntryPoint\",\"urlTemplate\":\"https:\/\/www.gwynt.eu\/fr\/?s={search_term_string}\"},\"query-input\":{\"@type\":\"PropertyValueSpecification\",\"valueRequired\":true,\"valueName\":\"search_term_string\"}}],\"inLanguage\":\"fr-FR\"},{\"@type\":\"Organization\",\"@id\":\"https:\/\/www.gwynt.eu\/fr\/#organization\",\"name\":\"Gwynt\",\"url\":\"https:\/\/www.gwynt.eu\/fr\/\",\"logo\":{\"@type\":\"ImageObject\",\"inLanguage\":\"fr-FR\",\"@id\":\"https:\/\/www.gwynt.eu\/fr\/#\/schema\/logo\/image\/\",\"url\":\"https:\/\/www.gwynt.eu\/wp-content\/uploads\/GWYNT_LOGO_RGB.png\",\"contentUrl\":\"https:\/\/www.gwynt.eu\/wp-content\/uploads\/GWYNT_LOGO_RGB.png\",\"width\":363,\"height\":431,\"caption\":\"Gwynt\"},\"image\":{\"@id\":\"https:\/\/www.gwynt.eu\/fr\/#\/schema\/logo\/image\/\"},\"sameAs\":[\"https:\/\/www.linkedin.com\/company\/gwynt\/mycompany\/\"]},{\"@type\":\"Person\",\"@id\":\"https:\/\/www.gwynt.eu\/fr\/#\/schema\/person\/e215c0f4e38eb82d2aa4f951a28a22ec\",\"name\":\"analyze-design\",\"image\":{\"@type\":\"ImageObject\",\"inLanguage\":\"fr-FR\",\"@id\":\"https:\/\/www.gwynt.eu\/fr\/#\/schema\/person\/image\/\",\"url\":\"https:\/\/www.gwynt.eu\/wp-content\/litespeed\/avatar\/114e82b0aa4d6255894fb2c382b4e0ca.jpg?ver=1776819174\",\"contentUrl\":\"https:\/\/www.gwynt.eu\/wp-content\/litespeed\/avatar\/114e82b0aa4d6255894fb2c382b4e0ca.jpg?ver=1776819174\",\"caption\":\"analyze-design\"},\"sameAs\":[\"https:\/\/www.gwynt.eu\"],\"url\":\"https:\/\/www.gwynt.eu\/fr\/author\/analyze-design\/\"}]}<\/script>\n<!-- \/ Yoast SEO plugin. -->","yoast_head_json":{"title":"Le sens et le non-sens de l'\u00e9laboration d'une strat\u00e9gie dans l'entreprise familiale - Gwynt","robots":{"index":"index","follow":"follow","max-snippet":"max-snippet:-1","max-image-preview":"max-image-preview:large","max-video-preview":"max-video-preview:-1"},"canonical":"https:\/\/www.gwynt.eu\/fr\/le-sens-et-le-non-sens-de-lelaboration-dune-strategie-dans-lentreprise-familiale\/","og_locale":"fr_FR","og_type":"article","og_title":"Le sens et le non-sens de l'\u00e9laboration d'une strat\u00e9gie dans l'entreprise familiale - Gwynt","og_description":"Agilit\u00e9 ou strat\u00e9gie La r\u00e9ussite de nombreuses entreprises familiales et entrepreneuriales n&rsquo;est souvent pas le r\u00e9sultat d&rsquo;une strat\u00e9gie et d&rsquo;un plan d&rsquo;affaires \u00e9labor\u00e9s \u00e0 long terme. C&rsquo;est pr\u00e9cis\u00e9ment le fait de r\u00e9agir aux opportunit\u00e9s, d&rsquo;\u00eatre agile et de faire des affaires \u00e0 partir de l&rsquo;intuition et de l&rsquo;esprit de d\u00e9cision qui a permis \u00e0 ces [&hellip;]","og_url":"https:\/\/www.gwynt.eu\/fr\/le-sens-et-le-non-sens-de-lelaboration-dune-strategie-dans-lentreprise-familiale\/","og_site_name":"Gwynt","article_published_time":"2017-11-08T10:30:47+00:00","og_image":[{"width":1200,"height":800,"url":"https:\/\/www.gwynt.eu\/wp-content\/uploads\/Familiebedrijven-1.jpg","type":"image\/jpeg"}],"author":"analyze-design","twitter_card":"summary_large_image","twitter_misc":{"\u00c9crit par":"analyze-design","Dur\u00e9e de lecture estim\u00e9e":"3 minutes"},"schema":{"@context":"https:\/\/schema.org","@graph":[{"@type":"Article","@id":"https:\/\/www.gwynt.eu\/fr\/le-sens-et-le-non-sens-de-lelaboration-dune-strategie-dans-lentreprise-familiale\/#article","isPartOf":{"@id":"https:\/\/www.gwynt.eu\/fr\/le-sens-et-le-non-sens-de-lelaboration-dune-strategie-dans-lentreprise-familiale\/"},"author":{"name":"analyze-design","@id":"https:\/\/www.gwynt.eu\/fr\/#\/schema\/person\/e215c0f4e38eb82d2aa4f951a28a22ec"},"headline":"Le sens et le non-sens de l&rsquo;\u00e9laboration d&rsquo;une strat\u00e9gie dans l&rsquo;entreprise familiale","datePublished":"2017-11-08T10:30:47+00:00","mainEntityOfPage":{"@id":"https:\/\/www.gwynt.eu\/fr\/le-sens-et-le-non-sens-de-lelaboration-dune-strategie-dans-lentreprise-familiale\/"},"wordCount":733,"commentCount":0,"publisher":{"@id":"https:\/\/www.gwynt.eu\/fr\/#organization"},"image":{"@id":"https:\/\/www.gwynt.eu\/fr\/le-sens-et-le-non-sens-de-lelaboration-dune-strategie-dans-lentreprise-familiale\/#primaryimage"},"thumbnailUrl":"https:\/\/www.gwynt.eu\/wp-content\/uploads\/Familiebedrijven-1.jpg","keywords":["Dirk Harm Eijssen"],"articleSection":["Entreprises familiales","La vision"],"inLanguage":"fr-FR","potentialAction":[{"@type":"CommentAction","name":"Comment","target":["https:\/\/www.gwynt.eu\/fr\/le-sens-et-le-non-sens-de-lelaboration-dune-strategie-dans-lentreprise-familiale\/#respond"]}]},{"@type":"WebPage","@id":"https:\/\/www.gwynt.eu\/fr\/le-sens-et-le-non-sens-de-lelaboration-dune-strategie-dans-lentreprise-familiale\/","url":"https:\/\/www.gwynt.eu\/fr\/le-sens-et-le-non-sens-de-lelaboration-dune-strategie-dans-lentreprise-familiale\/","name":"Le sens et le non-sens de l'\u00e9laboration d'une strat\u00e9gie dans l'entreprise familiale - Gwynt","isPartOf":{"@id":"https:\/\/www.gwynt.eu\/fr\/#website"},"primaryImageOfPage":{"@id":"https:\/\/www.gwynt.eu\/fr\/le-sens-et-le-non-sens-de-lelaboration-dune-strategie-dans-lentreprise-familiale\/#primaryimage"},"image":{"@id":"https:\/\/www.gwynt.eu\/fr\/le-sens-et-le-non-sens-de-lelaboration-dune-strategie-dans-lentreprise-familiale\/#primaryimage"},"thumbnailUrl":"https:\/\/www.gwynt.eu\/wp-content\/uploads\/Familiebedrijven-1.jpg","datePublished":"2017-11-08T10:30:47+00:00","breadcrumb":{"@id":"https:\/\/www.gwynt.eu\/fr\/le-sens-et-le-non-sens-de-lelaboration-dune-strategie-dans-lentreprise-familiale\/#breadcrumb"},"inLanguage":"fr-FR","potentialAction":[{"@type":"ReadAction","target":["https:\/\/www.gwynt.eu\/fr\/le-sens-et-le-non-sens-de-lelaboration-dune-strategie-dans-lentreprise-familiale\/"]}]},{"@type":"ImageObject","inLanguage":"fr-FR","@id":"https:\/\/www.gwynt.eu\/fr\/le-sens-et-le-non-sens-de-lelaboration-dune-strategie-dans-lentreprise-familiale\/#primaryimage","url":"https:\/\/www.gwynt.eu\/wp-content\/uploads\/Familiebedrijven-1.jpg","contentUrl":"https:\/\/www.gwynt.eu\/wp-content\/uploads\/Familiebedrijven-1.jpg","width":1200,"height":800},{"@type":"BreadcrumbList","@id":"https:\/\/www.gwynt.eu\/fr\/le-sens-et-le-non-sens-de-lelaboration-dune-strategie-dans-lentreprise-familiale\/#breadcrumb","itemListElement":[{"@type":"ListItem","position":1,"name":"Accueil","item":"https:\/\/www.gwynt.eu\/fr\/page-daccueil-propre\/"},{"@type":"ListItem","position":2,"name":"Le sens et le non-sens de l&#8217;\u00e9laboration d&#8217;une strat\u00e9gie dans l&#8217;entreprise familiale"}]},{"@type":"WebSite","@id":"https:\/\/www.gwynt.eu\/fr\/#website","url":"https:\/\/www.gwynt.eu\/fr\/","name":"Gwynt","description":"Echte doorbraken bereik je samen","publisher":{"@id":"https:\/\/www.gwynt.eu\/fr\/#organization"},"potentialAction":[{"@type":"SearchAction","target":{"@type":"EntryPoint","urlTemplate":"https:\/\/www.gwynt.eu\/fr\/?s={search_term_string}"},"query-input":{"@type":"PropertyValueSpecification","valueRequired":true,"valueName":"search_term_string"}}],"inLanguage":"fr-FR"},{"@type":"Organization","@id":"https:\/\/www.gwynt.eu\/fr\/#organization","name":"Gwynt","url":"https:\/\/www.gwynt.eu\/fr\/","logo":{"@type":"ImageObject","inLanguage":"fr-FR","@id":"https:\/\/www.gwynt.eu\/fr\/#\/schema\/logo\/image\/","url":"https:\/\/www.gwynt.eu\/wp-content\/uploads\/GWYNT_LOGO_RGB.png","contentUrl":"https:\/\/www.gwynt.eu\/wp-content\/uploads\/GWYNT_LOGO_RGB.png","width":363,"height":431,"caption":"Gwynt"},"image":{"@id":"https:\/\/www.gwynt.eu\/fr\/#\/schema\/logo\/image\/"},"sameAs":["https:\/\/www.linkedin.com\/company\/gwynt\/mycompany\/"]},{"@type":"Person","@id":"https:\/\/www.gwynt.eu\/fr\/#\/schema\/person\/e215c0f4e38eb82d2aa4f951a28a22ec","name":"analyze-design","image":{"@type":"ImageObject","inLanguage":"fr-FR","@id":"https:\/\/www.gwynt.eu\/fr\/#\/schema\/person\/image\/","url":"https:\/\/www.gwynt.eu\/wp-content\/litespeed\/avatar\/114e82b0aa4d6255894fb2c382b4e0ca.jpg?ver=1776819174","contentUrl":"https:\/\/www.gwynt.eu\/wp-content\/litespeed\/avatar\/114e82b0aa4d6255894fb2c382b4e0ca.jpg?ver=1776819174","caption":"analyze-design"},"sameAs":["https:\/\/www.gwynt.eu"],"url":"https:\/\/www.gwynt.eu\/fr\/author\/analyze-design\/"}]}},"_links":{"self":[{"href":"https:\/\/www.gwynt.eu\/fr\/wp-json\/wp\/v2\/posts\/247254","targetHints":{"allow":["GET"]}}],"collection":[{"href":"https:\/\/www.gwynt.eu\/fr\/wp-json\/wp\/v2\/posts"}],"about":[{"href":"https:\/\/www.gwynt.eu\/fr\/wp-json\/wp\/v2\/types\/post"}],"author":[{"embeddable":true,"href":"https:\/\/www.gwynt.eu\/fr\/wp-json\/wp\/v2\/users\/1"}],"replies":[{"embeddable":true,"href":"https:\/\/www.gwynt.eu\/fr\/wp-json\/wp\/v2\/comments?post=247254"}],"version-history":[{"count":0,"href":"https:\/\/www.gwynt.eu\/fr\/wp-json\/wp\/v2\/posts\/247254\/revisions"}],"wp:featuredmedia":[{"embeddable":true,"href":"https:\/\/www.gwynt.eu\/fr\/wp-json\/wp\/v2\/media\/247255"}],"wp:attachment":[{"href":"https:\/\/www.gwynt.eu\/fr\/wp-json\/wp\/v2\/media?parent=247254"}],"wp:term":[{"taxonomy":"category","embeddable":true,"href":"https:\/\/www.gwynt.eu\/fr\/wp-json\/wp\/v2\/categories?post=247254"},{"taxonomy":"post_tag","embeddable":true,"href":"https:\/\/www.gwynt.eu\/fr\/wp-json\/wp\/v2\/tags?post=247254"}],"curies":[{"name":"wp","href":"https:\/\/api.w.org\/{rel}","templated":true}]}}