{"id":247198,"date":"2022-09-15T09:10:06","date_gmt":"2022-09-15T09:10:06","guid":{"rendered":"https:\/\/www.gwynt.eu\/stage-de-vtt-a-gwynt-2022\/"},"modified":"2022-09-15T09:10:06","modified_gmt":"2022-09-15T09:10:06","slug":"stage-de-vtt-a-gwynt-2022","status":"publish","type":"post","link":"https:\/\/www.gwynt.eu\/fr\/stage-de-vtt-a-gwynt-2022\/","title":{"rendered":"Stage de VTT \u00e0 Gwynt 2022"},"content":{"rendered":"<p>Mercredi dernier, 14 septembre, s&rsquo;est d\u00e9roul\u00e9e la 7\u00e8me \u00e9dition de l&rsquo;\u00e9v\u00e9nement \u00ab\u00a0Gwynt relationship\u00a0\u00bb.<\/p>\n<p><a href=\"https:\/\/www.mtbclinic.nl\/\">MTBCLINIC.NL<\/a> a une fois de plus organis\u00e9 pour nous un stage de VTT amusant, \u00e9ducatif et bien g\u00e9r\u00e9.<\/p>\n<h4><strong>Le d\u00e9but<\/strong><\/h4>\n<p>Nous avons commenc\u00e9 par un d\u00e9jeuner d\u00e9licieux et nutritif pour refaire le plein d&rsquo;\u00e9nergie. D&rsquo;anciennes et de nouvelles connaissances ont ensuite \u00e9chang\u00e9 de merveilleuses histoires (de v\u00e9lo), sous la houlette d&rsquo;Adrie van der Poel qui, en tant qu&rsquo;habitu\u00e9, a r\u00e9ussi \u00e0 captiver tout le monde en racontant les exploits de son fils et, bien s\u00fbr, ses propres riches exp\u00e9riences. <\/p>\n<p>Il est temps de pr\u00e9parer les v\u00e9los, d&rsquo;enfiler le tout nouveau maillot de cycliste de Gwynt et de se soumettre aux guides de la clinique MTB.<\/p>\n<p>Apr\u00e8s une br\u00e8ve instruction, une photo de groupe et un \u00e9chauffement \u00e0 v\u00e9lo, nous sommes partis.<\/p>\n<h4><strong>D\u00e9fis<\/strong><\/h4>\n<p>Les participants ont \u00e9t\u00e9 confront\u00e9s \u00e0 de nombreux d\u00e9fis : franchissement d&rsquo;un tronc d&rsquo;arbre, virages serr\u00e9s dans un slalom, mont\u00e9es et descentes difficiles.<\/p>\n<p>Les guides de MTB-clinic.co.uk ont offert aux participants 2 heures de pistes vari\u00e9es, de techniques et de man\u0153uvres afin que chacun arrive au lieu final en \u00e9tant un meilleur pilote de VTT.<\/p>\n<h4><strong>Fermeture<\/strong><\/h4>\n<p>Apr\u00e8s une bonne douche chaude, le barbecue a \u00e9t\u00e9 tr\u00e8s appr\u00e9ci\u00e9. La bonne compagnie, les boissons et la nourriture d\u00e9licieuse \u00e9taient des ingr\u00e9dients parfaits pour discuter apr\u00e8s, appr\u00e9cier mais aussi faire de nouveaux contacts et \u00e9changer des id\u00e9es. <\/p>\n<p>Avec un soleil couchant et des v\u00e9t\u00e9tistes satisfaits, la septi\u00e8me clinique de VTT de Gwynt s&rsquo;est achev\u00e9e une fois de plus&#8230; Un apr\u00e8s-midi de et avec de vieilles connaissances, de nouveaux visages, sportif et convivial, comme s&rsquo;il s&rsquo;agissait d&rsquo;une r\u00e9union de famille.<br \/>\nNous sommes ravis que vous ayez \u00e9t\u00e9 l\u00e0 (encore) pour faire de cette journ\u00e9e un souvenir m\u00e9morable et nous remercions tout particuli\u00e8rement <a href=\"https:\/\/nl.wikipedia.org\/wiki\/Adrie_van_der_Poel\">Adrie <\/a>et les instructeurs de MTB-clinic.nl pour leurs conseils positifs et avis\u00e9s.<\/p>\n<p>Nous vous donnons rendez-vous l&rsquo;ann\u00e9e prochaine !<\/p>\n","protected":false},"excerpt":{"rendered":"<p>Mercredi dernier, 14 septembre, s&rsquo;est d\u00e9roul\u00e9e la 7\u00e8me \u00e9dition de l&rsquo;\u00e9v\u00e9nement \u00ab\u00a0Gwynt relationship\u00a0\u00bb. MTBCLINIC.NL a une fois de plus organis\u00e9 pour nous un stage de VTT amusant, \u00e9ducatif et bien g\u00e9r\u00e9. Le d\u00e9but Nous avons commenc\u00e9 par un d\u00e9jeuner d\u00e9licieux et nutritif pour refaire le plein d&rsquo;\u00e9nergie. D&rsquo;anciennes et de nouvelles connaissances ont ensuite \u00e9chang\u00e9 [&hellip;]<\/p>\n","protected":false},"author":1,"featured_media":247200,"comment_status":"open","ping_status":"open","sticky":false,"template":"","format":"standard","meta":{"_et_pb_use_builder":"","_et_pb_old_content":"","_et_gb_content_width":"","content-type":"","inline_featured_image":false,"footnotes":""},"categories":[178],"tags":[],"class_list":["post-247198","post","type-post","status-publish","format-standard","has-post-thumbnail","hentry","category-evenements"],"yoast_head":"<!-- This site is optimized with the Yoast SEO plugin v26.7 - https:\/\/yoast.com\/wordpress\/plugins\/seo\/ -->\n<title>Stage de VTT \u00e0 Gwynt 2022 - Gwynt<\/title>\n<meta name=\"robots\" content=\"index, follow, max-snippet:-1, max-image-preview:large, max-video-preview:-1\" \/>\n<link rel=\"canonical\" href=\"https:\/\/www.gwynt.eu\/fr\/stage-de-vtt-a-gwynt-2022\/\" \/>\n<meta property=\"og:locale\" content=\"fr_FR\" \/>\n<meta property=\"og:type\" content=\"article\" \/>\n<meta property=\"og:title\" content=\"Stage de VTT \u00e0 Gwynt 2022 - Gwynt\" \/>\n<meta property=\"og:description\" content=\"Mercredi dernier, 14 septembre, s&rsquo;est d\u00e9roul\u00e9e la 7\u00e8me \u00e9dition de l&rsquo;\u00e9v\u00e9nement \u00ab\u00a0Gwynt relationship\u00a0\u00bb. MTBCLINIC.NL a une fois de plus organis\u00e9 pour nous un stage de VTT amusant, \u00e9ducatif et bien g\u00e9r\u00e9. Le d\u00e9but Nous avons commenc\u00e9 par un d\u00e9jeuner d\u00e9licieux et nutritif pour refaire le plein d&rsquo;\u00e9nergie. D&rsquo;anciennes et de nouvelles connaissances ont ensuite \u00e9chang\u00e9 [&hellip;]\" \/>\n<meta property=\"og:url\" content=\"https:\/\/www.gwynt.eu\/fr\/stage-de-vtt-a-gwynt-2022\/\" \/>\n<meta property=\"og:site_name\" content=\"Gwynt\" \/>\n<meta property=\"article:published_time\" content=\"2022-09-15T09:10:06+00:00\" \/>\n<meta property=\"og:image\" content=\"https:\/\/www.gwynt.eu\/wp-content\/uploads\/Groepsfoto-Gwynt-relatieevent-2022.jpeg\" \/>\n\t<meta property=\"og:image:width\" content=\"2048\" \/>\n\t<meta property=\"og:image:height\" content=\"1536\" \/>\n\t<meta property=\"og:image:type\" content=\"image\/jpeg\" \/>\n<meta name=\"author\" content=\"analyze-design\" \/>\n<meta name=\"twitter:card\" content=\"summary_large_image\" \/>\n<meta name=\"twitter:label1\" content=\"\u00c9crit par\" \/>\n\t<meta name=\"twitter:data1\" content=\"analyze-design\" \/>\n\t<meta name=\"twitter:label2\" content=\"Dur\u00e9e de lecture estim\u00e9e\" \/>\n\t<meta name=\"twitter:data2\" content=\"2 minutes\" \/>\n<script type=\"application\/ld+json\" class=\"yoast-schema-graph\">{\"@context\":\"https:\/\/schema.org\",\"@graph\":[{\"@type\":\"Article\",\"@id\":\"https:\/\/www.gwynt.eu\/fr\/stage-de-vtt-a-gwynt-2022\/#article\",\"isPartOf\":{\"@id\":\"https:\/\/www.gwynt.eu\/fr\/stage-de-vtt-a-gwynt-2022\/\"},\"author\":{\"name\":\"analyze-design\",\"@id\":\"https:\/\/www.gwynt.eu\/fr\/#\/schema\/person\/e215c0f4e38eb82d2aa4f951a28a22ec\"},\"headline\":\"Stage de VTT \u00e0 Gwynt 2022\",\"datePublished\":\"2022-09-15T09:10:06+00:00\",\"mainEntityOfPage\":{\"@id\":\"https:\/\/www.gwynt.eu\/fr\/stage-de-vtt-a-gwynt-2022\/\"},\"wordCount\":369,\"commentCount\":0,\"publisher\":{\"@id\":\"https:\/\/www.gwynt.eu\/fr\/#organization\"},\"image\":{\"@id\":\"https:\/\/www.gwynt.eu\/fr\/stage-de-vtt-a-gwynt-2022\/#primaryimage\"},\"thumbnailUrl\":\"https:\/\/www.gwynt.eu\/wp-content\/uploads\/Groepsfoto-Gwynt-relatieevent-2022.jpeg\",\"articleSection\":[\"Ev\u00e9nements\"],\"inLanguage\":\"fr-FR\",\"potentialAction\":[{\"@type\":\"CommentAction\",\"name\":\"Comment\",\"target\":[\"https:\/\/www.gwynt.eu\/fr\/stage-de-vtt-a-gwynt-2022\/#respond\"]}]},{\"@type\":\"WebPage\",\"@id\":\"https:\/\/www.gwynt.eu\/fr\/stage-de-vtt-a-gwynt-2022\/\",\"url\":\"https:\/\/www.gwynt.eu\/fr\/stage-de-vtt-a-gwynt-2022\/\",\"name\":\"Stage de VTT \u00e0 Gwynt 2022 - Gwynt\",\"isPartOf\":{\"@id\":\"https:\/\/www.gwynt.eu\/fr\/#website\"},\"primaryImageOfPage\":{\"@id\":\"https:\/\/www.gwynt.eu\/fr\/stage-de-vtt-a-gwynt-2022\/#primaryimage\"},\"image\":{\"@id\":\"https:\/\/www.gwynt.eu\/fr\/stage-de-vtt-a-gwynt-2022\/#primaryimage\"},\"thumbnailUrl\":\"https:\/\/www.gwynt.eu\/wp-content\/uploads\/Groepsfoto-Gwynt-relatieevent-2022.jpeg\",\"datePublished\":\"2022-09-15T09:10:06+00:00\",\"breadcrumb\":{\"@id\":\"https:\/\/www.gwynt.eu\/fr\/stage-de-vtt-a-gwynt-2022\/#breadcrumb\"},\"inLanguage\":\"fr-FR\",\"potentialAction\":[{\"@type\":\"ReadAction\",\"target\":[\"https:\/\/www.gwynt.eu\/fr\/stage-de-vtt-a-gwynt-2022\/\"]}]},{\"@type\":\"ImageObject\",\"inLanguage\":\"fr-FR\",\"@id\":\"https:\/\/www.gwynt.eu\/fr\/stage-de-vtt-a-gwynt-2022\/#primaryimage\",\"url\":\"https:\/\/www.gwynt.eu\/wp-content\/uploads\/Groepsfoto-Gwynt-relatieevent-2022.jpeg\",\"contentUrl\":\"https:\/\/www.gwynt.eu\/wp-content\/uploads\/Groepsfoto-Gwynt-relatieevent-2022.jpeg\",\"width\":2048,\"height\":1536},{\"@type\":\"BreadcrumbList\",\"@id\":\"https:\/\/www.gwynt.eu\/fr\/stage-de-vtt-a-gwynt-2022\/#breadcrumb\",\"itemListElement\":[{\"@type\":\"ListItem\",\"position\":1,\"name\":\"Accueil\",\"item\":\"https:\/\/www.gwynt.eu\/fr\/page-daccueil-propre\/\"},{\"@type\":\"ListItem\",\"position\":2,\"name\":\"Stage de VTT \u00e0 Gwynt 2022\"}]},{\"@type\":\"WebSite\",\"@id\":\"https:\/\/www.gwynt.eu\/fr\/#website\",\"url\":\"https:\/\/www.gwynt.eu\/fr\/\",\"name\":\"Gwynt\",\"description\":\"Echte doorbraken bereik je samen\",\"publisher\":{\"@id\":\"https:\/\/www.gwynt.eu\/fr\/#organization\"},\"potentialAction\":[{\"@type\":\"SearchAction\",\"target\":{\"@type\":\"EntryPoint\",\"urlTemplate\":\"https:\/\/www.gwynt.eu\/fr\/?s={search_term_string}\"},\"query-input\":{\"@type\":\"PropertyValueSpecification\",\"valueRequired\":true,\"valueName\":\"search_term_string\"}}],\"inLanguage\":\"fr-FR\"},{\"@type\":\"Organization\",\"@id\":\"https:\/\/www.gwynt.eu\/fr\/#organization\",\"name\":\"Gwynt\",\"url\":\"https:\/\/www.gwynt.eu\/fr\/\",\"logo\":{\"@type\":\"ImageObject\",\"inLanguage\":\"fr-FR\",\"@id\":\"https:\/\/www.gwynt.eu\/fr\/#\/schema\/logo\/image\/\",\"url\":\"https:\/\/www.gwynt.eu\/wp-content\/uploads\/GWYNT_LOGO_RGB.png\",\"contentUrl\":\"https:\/\/www.gwynt.eu\/wp-content\/uploads\/GWYNT_LOGO_RGB.png\",\"width\":363,\"height\":431,\"caption\":\"Gwynt\"},\"image\":{\"@id\":\"https:\/\/www.gwynt.eu\/fr\/#\/schema\/logo\/image\/\"},\"sameAs\":[\"https:\/\/www.linkedin.com\/company\/gwynt\/mycompany\/\"]},{\"@type\":\"Person\",\"@id\":\"https:\/\/www.gwynt.eu\/fr\/#\/schema\/person\/e215c0f4e38eb82d2aa4f951a28a22ec\",\"name\":\"analyze-design\",\"image\":{\"@type\":\"ImageObject\",\"inLanguage\":\"fr-FR\",\"@id\":\"https:\/\/www.gwynt.eu\/fr\/#\/schema\/person\/image\/\",\"url\":\"https:\/\/www.gwynt.eu\/wp-content\/litespeed\/avatar\/114e82b0aa4d6255894fb2c382b4e0ca.jpg?ver=1777424120\",\"contentUrl\":\"https:\/\/www.gwynt.eu\/wp-content\/litespeed\/avatar\/114e82b0aa4d6255894fb2c382b4e0ca.jpg?ver=1777424120\",\"caption\":\"analyze-design\"},\"sameAs\":[\"https:\/\/www.gwynt.eu\"],\"url\":\"https:\/\/www.gwynt.eu\/fr\/author\/analyze-design\/\"}]}<\/script>\n<!-- \/ Yoast SEO plugin. -->","yoast_head_json":{"title":"Stage de VTT \u00e0 Gwynt 2022 - Gwynt","robots":{"index":"index","follow":"follow","max-snippet":"max-snippet:-1","max-image-preview":"max-image-preview:large","max-video-preview":"max-video-preview:-1"},"canonical":"https:\/\/www.gwynt.eu\/fr\/stage-de-vtt-a-gwynt-2022\/","og_locale":"fr_FR","og_type":"article","og_title":"Stage de VTT \u00e0 Gwynt 2022 - Gwynt","og_description":"Mercredi dernier, 14 septembre, s&rsquo;est d\u00e9roul\u00e9e la 7\u00e8me \u00e9dition de l&rsquo;\u00e9v\u00e9nement \u00ab\u00a0Gwynt relationship\u00a0\u00bb. MTBCLINIC.NL a une fois de plus organis\u00e9 pour nous un stage de VTT amusant, \u00e9ducatif et bien g\u00e9r\u00e9. Le d\u00e9but Nous avons commenc\u00e9 par un d\u00e9jeuner d\u00e9licieux et nutritif pour refaire le plein d&rsquo;\u00e9nergie. D&rsquo;anciennes et de nouvelles connaissances ont ensuite \u00e9chang\u00e9 [&hellip;]","og_url":"https:\/\/www.gwynt.eu\/fr\/stage-de-vtt-a-gwynt-2022\/","og_site_name":"Gwynt","article_published_time":"2022-09-15T09:10:06+00:00","og_image":[{"width":2048,"height":1536,"url":"https:\/\/www.gwynt.eu\/wp-content\/uploads\/Groepsfoto-Gwynt-relatieevent-2022.jpeg","type":"image\/jpeg"}],"author":"analyze-design","twitter_card":"summary_large_image","twitter_misc":{"\u00c9crit par":"analyze-design","Dur\u00e9e de lecture estim\u00e9e":"2 minutes"},"schema":{"@context":"https:\/\/schema.org","@graph":[{"@type":"Article","@id":"https:\/\/www.gwynt.eu\/fr\/stage-de-vtt-a-gwynt-2022\/#article","isPartOf":{"@id":"https:\/\/www.gwynt.eu\/fr\/stage-de-vtt-a-gwynt-2022\/"},"author":{"name":"analyze-design","@id":"https:\/\/www.gwynt.eu\/fr\/#\/schema\/person\/e215c0f4e38eb82d2aa4f951a28a22ec"},"headline":"Stage de VTT \u00e0 Gwynt 2022","datePublished":"2022-09-15T09:10:06+00:00","mainEntityOfPage":{"@id":"https:\/\/www.gwynt.eu\/fr\/stage-de-vtt-a-gwynt-2022\/"},"wordCount":369,"commentCount":0,"publisher":{"@id":"https:\/\/www.gwynt.eu\/fr\/#organization"},"image":{"@id":"https:\/\/www.gwynt.eu\/fr\/stage-de-vtt-a-gwynt-2022\/#primaryimage"},"thumbnailUrl":"https:\/\/www.gwynt.eu\/wp-content\/uploads\/Groepsfoto-Gwynt-relatieevent-2022.jpeg","articleSection":["Ev\u00e9nements"],"inLanguage":"fr-FR","potentialAction":[{"@type":"CommentAction","name":"Comment","target":["https:\/\/www.gwynt.eu\/fr\/stage-de-vtt-a-gwynt-2022\/#respond"]}]},{"@type":"WebPage","@id":"https:\/\/www.gwynt.eu\/fr\/stage-de-vtt-a-gwynt-2022\/","url":"https:\/\/www.gwynt.eu\/fr\/stage-de-vtt-a-gwynt-2022\/","name":"Stage de VTT \u00e0 Gwynt 2022 - Gwynt","isPartOf":{"@id":"https:\/\/www.gwynt.eu\/fr\/#website"},"primaryImageOfPage":{"@id":"https:\/\/www.gwynt.eu\/fr\/stage-de-vtt-a-gwynt-2022\/#primaryimage"},"image":{"@id":"https:\/\/www.gwynt.eu\/fr\/stage-de-vtt-a-gwynt-2022\/#primaryimage"},"thumbnailUrl":"https:\/\/www.gwynt.eu\/wp-content\/uploads\/Groepsfoto-Gwynt-relatieevent-2022.jpeg","datePublished":"2022-09-15T09:10:06+00:00","breadcrumb":{"@id":"https:\/\/www.gwynt.eu\/fr\/stage-de-vtt-a-gwynt-2022\/#breadcrumb"},"inLanguage":"fr-FR","potentialAction":[{"@type":"ReadAction","target":["https:\/\/www.gwynt.eu\/fr\/stage-de-vtt-a-gwynt-2022\/"]}]},{"@type":"ImageObject","inLanguage":"fr-FR","@id":"https:\/\/www.gwynt.eu\/fr\/stage-de-vtt-a-gwynt-2022\/#primaryimage","url":"https:\/\/www.gwynt.eu\/wp-content\/uploads\/Groepsfoto-Gwynt-relatieevent-2022.jpeg","contentUrl":"https:\/\/www.gwynt.eu\/wp-content\/uploads\/Groepsfoto-Gwynt-relatieevent-2022.jpeg","width":2048,"height":1536},{"@type":"BreadcrumbList","@id":"https:\/\/www.gwynt.eu\/fr\/stage-de-vtt-a-gwynt-2022\/#breadcrumb","itemListElement":[{"@type":"ListItem","position":1,"name":"Accueil","item":"https:\/\/www.gwynt.eu\/fr\/page-daccueil-propre\/"},{"@type":"ListItem","position":2,"name":"Stage de VTT \u00e0 Gwynt 2022"}]},{"@type":"WebSite","@id":"https:\/\/www.gwynt.eu\/fr\/#website","url":"https:\/\/www.gwynt.eu\/fr\/","name":"Gwynt","description":"Echte doorbraken bereik je samen","publisher":{"@id":"https:\/\/www.gwynt.eu\/fr\/#organization"},"potentialAction":[{"@type":"SearchAction","target":{"@type":"EntryPoint","urlTemplate":"https:\/\/www.gwynt.eu\/fr\/?s={search_term_string}"},"query-input":{"@type":"PropertyValueSpecification","valueRequired":true,"valueName":"search_term_string"}}],"inLanguage":"fr-FR"},{"@type":"Organization","@id":"https:\/\/www.gwynt.eu\/fr\/#organization","name":"Gwynt","url":"https:\/\/www.gwynt.eu\/fr\/","logo":{"@type":"ImageObject","inLanguage":"fr-FR","@id":"https:\/\/www.gwynt.eu\/fr\/#\/schema\/logo\/image\/","url":"https:\/\/www.gwynt.eu\/wp-content\/uploads\/GWYNT_LOGO_RGB.png","contentUrl":"https:\/\/www.gwynt.eu\/wp-content\/uploads\/GWYNT_LOGO_RGB.png","width":363,"height":431,"caption":"Gwynt"},"image":{"@id":"https:\/\/www.gwynt.eu\/fr\/#\/schema\/logo\/image\/"},"sameAs":["https:\/\/www.linkedin.com\/company\/gwynt\/mycompany\/"]},{"@type":"Person","@id":"https:\/\/www.gwynt.eu\/fr\/#\/schema\/person\/e215c0f4e38eb82d2aa4f951a28a22ec","name":"analyze-design","image":{"@type":"ImageObject","inLanguage":"fr-FR","@id":"https:\/\/www.gwynt.eu\/fr\/#\/schema\/person\/image\/","url":"https:\/\/www.gwynt.eu\/wp-content\/litespeed\/avatar\/114e82b0aa4d6255894fb2c382b4e0ca.jpg?ver=1777424120","contentUrl":"https:\/\/www.gwynt.eu\/wp-content\/litespeed\/avatar\/114e82b0aa4d6255894fb2c382b4e0ca.jpg?ver=1777424120","caption":"analyze-design"},"sameAs":["https:\/\/www.gwynt.eu"],"url":"https:\/\/www.gwynt.eu\/fr\/author\/analyze-design\/"}]}},"_links":{"self":[{"href":"https:\/\/www.gwynt.eu\/fr\/wp-json\/wp\/v2\/posts\/247198","targetHints":{"allow":["GET"]}}],"collection":[{"href":"https:\/\/www.gwynt.eu\/fr\/wp-json\/wp\/v2\/posts"}],"about":[{"href":"https:\/\/www.gwynt.eu\/fr\/wp-json\/wp\/v2\/types\/post"}],"author":[{"embeddable":true,"href":"https:\/\/www.gwynt.eu\/fr\/wp-json\/wp\/v2\/users\/1"}],"replies":[{"embeddable":true,"href":"https:\/\/www.gwynt.eu\/fr\/wp-json\/wp\/v2\/comments?post=247198"}],"version-history":[{"count":0,"href":"https:\/\/www.gwynt.eu\/fr\/wp-json\/wp\/v2\/posts\/247198\/revisions"}],"wp:featuredmedia":[{"embeddable":true,"href":"https:\/\/www.gwynt.eu\/fr\/wp-json\/wp\/v2\/media\/247200"}],"wp:attachment":[{"href":"https:\/\/www.gwynt.eu\/fr\/wp-json\/wp\/v2\/media?parent=247198"}],"wp:term":[{"taxonomy":"category","embeddable":true,"href":"https:\/\/www.gwynt.eu\/fr\/wp-json\/wp\/v2\/categories?post=247198"},{"taxonomy":"post_tag","embeddable":true,"href":"https:\/\/www.gwynt.eu\/fr\/wp-json\/wp\/v2\/tags?post=247198"}],"curies":[{"name":"wp","href":"https:\/\/api.w.org\/{rel}","templated":true}]}}