{"id":247028,"date":"2024-09-19T13:36:24","date_gmt":"2024-09-19T13:36:24","guid":{"rendered":"https:\/\/www.gwynt.eu\/organisatorischer-wandel-in-einem-belgischen-familienunternehmen-der-baeckerei-und-lebensmittelbranche\/"},"modified":"2024-09-19T13:36:24","modified_gmt":"2024-09-19T13:36:24","slug":"organisatorischer-wandel-in-einem-belgischen-familienunternehmen-der-baeckerei-und-lebensmittelbranche","status":"publish","type":"post","link":"https:\/\/www.gwynt.eu\/de\/organisatorischer-wandel-in-einem-belgischen-familienunternehmen-der-baeckerei-und-lebensmittelbranche\/","title":{"rendered":"Organisatorischer Wandel in einem belgischen Familienunternehmen der B\u00e4ckerei- und Lebensmittelbranche"},"content":{"rendered":"<p>Ein belgisches Familienunternehmen, das im Bereich \u00d6le, Fette und Backwaren t\u00e4tig ist, stand vor einer gro\u00dfen Umstrukturierung. Mit Gesch\u00e4ftsbereichen in den Niederlanden und in Belgien, die sowohl im Food Service als auch im Einzelhandel t\u00e4tig sind, brauchte es eine effizientere und effektivere Gesch\u00e4ftsstruktur. Um dies zu erreichen, wurde eine Reorganisation mit dem Ziel eingeleitet, die internen Prozesse zu straffen und den Fokus innerhalb der Organisation zu st\u00e4rken.  <\/p>\n<p><strong>Herausforderungen und Ansatz<\/strong><\/p>\n<p>Die Umstrukturierung begann mit einer gr\u00fcndlichen \u00dcberpr\u00fcfung der bestehenden Organisation, Rollen und Verantwortlichkeiten. Wir haben diese neu definiert, um sie besser auf die Unternehmensziele abzustimmen. Dazu geh\u00f6rte auch die Neudefinition der erforderlichen Kompetenzen und der damit verbundenen KPIs f\u00fcr jede Rolle. Die neue Struktur erm\u00f6glichte eine klare Trennung zwischen den verschiedenen Abteilungen und schuf mehr Fokus und Schlagkraft.   <\/p>\n<p>Dar\u00fcber hinaus wurde eine neue Struktur f\u00fcr das Meeting- und Projektmanagement eingerichtet, um die interne Zusammenarbeit weiter zu verbessern. Durch die Standardisierung der Arbeitsmethoden und die Einf\u00fchrung neuer Verhaltensregeln konnten die Sitzungen effektiver durchgef\u00fchrt werden. Den inhaltlichen Diskussionen wurde mehr Aufmerksamkeit gewidmet, weniger Zeit wurde f\u00fcr unn\u00f6tige Sitzungen verschwendet und der Entscheidungsprozess wurde beschleunigt.  <\/p>\n<p><strong>Ergebnisse<\/strong><\/p>\n<p>Das Ergebnis war eine v\u00f6llig neue Organisationsstruktur mit einer klaren Trennung zwischen den beiden Gesch\u00e4ftsbereichen. Es wurde ein neues Managementteam mit klaren Rollen und Zust\u00e4ndigkeiten geschaffen, das f\u00fcr einen st\u00e4rkeren Fokus innerhalb der Organisation sorgte. Die neue Sitzungsstruktur und die Verhaltenskodizes f\u00fchrten zu k\u00fcrzeren, st\u00e4rker handlungsorientierten Sitzungen mit mehr Tiefgang.  <\/p>\n<p>Au\u00dferdem wurde eine neue KPI-Struktur eingef\u00fchrt, die eine bessere \u00dcberwachung der Leistung und schnellere Anpassungen erm\u00f6glicht, wenn dies erforderlich ist.<\/p>\n<p>Diese organisatorische Ver\u00e4nderung hat die Effizienz und Effektivit\u00e4t des Familienunternehmens erheblich gesteigert und bildet eine solide Grundlage f\u00fcr weiteres Wachstum sowohl im Food Service- als auch im Einzelhandelsmarkt.<\/p>\n<p>&nbsp;<\/p>\n<p><strong>M\u00f6chten Sie mehr \u00fcber unsere Dienstleistungen erfahren? Wir tauschen uns gerne mit Ihnen bei einem pers\u00f6nlichen Gespr\u00e4ch aus, wann und wo immer es Ihnen passt. <\/strong><\/p>\n","protected":false},"excerpt":{"rendered":"<p>Ein belgisches Familienunternehmen, das im Bereich \u00d6le, Fette und Backwaren t\u00e4tig ist, stand vor einer gro\u00dfen Umstrukturierung. Mit Gesch\u00e4ftsbereichen in den Niederlanden und in Belgien, die sowohl im Food Service als auch im Einzelhandel t\u00e4tig sind, brauchte es eine effizientere und effektivere Gesch\u00e4ftsstruktur. Um dies zu erreichen, wurde eine Reorganisation mit dem Ziel eingeleitet, die [&hellip;]<\/p>\n","protected":false},"author":1,"featured_media":247029,"comment_status":"closed","ping_status":"closed","sticky":false,"template":"","format":"standard","meta":{"_et_pb_use_builder":"","_et_pb_old_content":"","_et_gb_content_width":"","content-type":"","inline_featured_image":false,"footnotes":""},"categories":[164,170,165],"tags":[],"class_list":["post-247028","post","type-post","status-publish","format-standard","has-post-thumbnail","hentry","category-kundenfall","category-lebensmittel-agri","category-transformation-betrieb"],"yoast_head":"<!-- This site is optimized with the Yoast SEO plugin v26.7 - https:\/\/yoast.com\/wordpress\/plugins\/seo\/ -->\n<title>Organisatorischer Wandel in einem belgischen Familienunternehmen der B\u00e4ckerei- und Lebensmittelbranche - Gwynt<\/title>\n<meta name=\"robots\" content=\"index, follow, max-snippet:-1, max-image-preview:large, max-video-preview:-1\" \/>\n<link rel=\"canonical\" href=\"https:\/\/www.gwynt.eu\/de\/organisatorischer-wandel-in-einem-belgischen-familienunternehmen-der-baeckerei-und-lebensmittelbranche\/\" \/>\n<meta property=\"og:locale\" content=\"de_DE\" \/>\n<meta property=\"og:type\" content=\"article\" \/>\n<meta property=\"og:title\" content=\"Organisatorischer Wandel in einem belgischen Familienunternehmen der B\u00e4ckerei- und Lebensmittelbranche - Gwynt\" \/>\n<meta property=\"og:description\" content=\"Ein belgisches Familienunternehmen, das im Bereich \u00d6le, Fette und Backwaren t\u00e4tig ist, stand vor einer gro\u00dfen Umstrukturierung. Mit Gesch\u00e4ftsbereichen in den Niederlanden und in Belgien, die sowohl im Food Service als auch im Einzelhandel t\u00e4tig sind, brauchte es eine effizientere und effektivere Gesch\u00e4ftsstruktur. Um dies zu erreichen, wurde eine Reorganisation mit dem Ziel eingeleitet, die [&hellip;]\" \/>\n<meta property=\"og:url\" content=\"https:\/\/www.gwynt.eu\/de\/organisatorischer-wandel-in-einem-belgischen-familienunternehmen-der-baeckerei-und-lebensmittelbranche\/\" \/>\n<meta property=\"og:site_name\" content=\"Gwynt\" \/>\n<meta property=\"article:published_time\" content=\"2024-09-19T13:36:24+00:00\" \/>\n<meta property=\"og:image\" content=\"https:\/\/www.gwynt.eu\/wp-content\/uploads\/GoodlifeFoods_Boxtel-37.jpg\" \/>\n\t<meta property=\"og:image:width\" content=\"1000\" \/>\n\t<meta property=\"og:image:height\" content=\"648\" \/>\n\t<meta property=\"og:image:type\" content=\"image\/jpeg\" \/>\n<meta name=\"author\" content=\"analyze-design\" \/>\n<meta name=\"twitter:card\" content=\"summary_large_image\" \/>\n<meta name=\"twitter:label1\" content=\"Verfasst von\" \/>\n\t<meta name=\"twitter:data1\" content=\"analyze-design\" \/>\n\t<meta name=\"twitter:label2\" content=\"Gesch\u00e4tzte Lesezeit\" \/>\n\t<meta name=\"twitter:data2\" content=\"2\u00a0Minute\" \/>\n<script type=\"application\/ld+json\" class=\"yoast-schema-graph\">{\"@context\":\"https:\/\/schema.org\",\"@graph\":[{\"@type\":\"Article\",\"@id\":\"https:\/\/www.gwynt.eu\/de\/organisatorischer-wandel-in-einem-belgischen-familienunternehmen-der-baeckerei-und-lebensmittelbranche\/#article\",\"isPartOf\":{\"@id\":\"https:\/\/www.gwynt.eu\/de\/organisatorischer-wandel-in-einem-belgischen-familienunternehmen-der-baeckerei-und-lebensmittelbranche\/\"},\"author\":{\"name\":\"analyze-design\",\"@id\":\"https:\/\/www.gwynt.eu\/de\/#\/schema\/person\/e215c0f4e38eb82d2aa4f951a28a22ec\"},\"headline\":\"Organisatorischer Wandel in einem belgischen Familienunternehmen der B\u00e4ckerei- und Lebensmittelbranche\",\"datePublished\":\"2024-09-19T13:36:24+00:00\",\"mainEntityOfPage\":{\"@id\":\"https:\/\/www.gwynt.eu\/de\/organisatorischer-wandel-in-einem-belgischen-familienunternehmen-der-baeckerei-und-lebensmittelbranche\/\"},\"wordCount\":352,\"publisher\":{\"@id\":\"https:\/\/www.gwynt.eu\/de\/#organization\"},\"image\":{\"@id\":\"https:\/\/www.gwynt.eu\/de\/organisatorischer-wandel-in-einem-belgischen-familienunternehmen-der-baeckerei-und-lebensmittelbranche\/#primaryimage\"},\"thumbnailUrl\":\"https:\/\/www.gwynt.eu\/wp-content\/uploads\/GoodlifeFoods_Boxtel-37.jpg\",\"articleSection\":[\"Kundenfall\",\"Lebensmittel &amp; Agri\",\"Transformation &amp; Betrieb\"],\"inLanguage\":\"de\"},{\"@type\":\"WebPage\",\"@id\":\"https:\/\/www.gwynt.eu\/de\/organisatorischer-wandel-in-einem-belgischen-familienunternehmen-der-baeckerei-und-lebensmittelbranche\/\",\"url\":\"https:\/\/www.gwynt.eu\/de\/organisatorischer-wandel-in-einem-belgischen-familienunternehmen-der-baeckerei-und-lebensmittelbranche\/\",\"name\":\"Organisatorischer Wandel in einem belgischen Familienunternehmen der B\u00e4ckerei- und Lebensmittelbranche - Gwynt\",\"isPartOf\":{\"@id\":\"https:\/\/www.gwynt.eu\/de\/#website\"},\"primaryImageOfPage\":{\"@id\":\"https:\/\/www.gwynt.eu\/de\/organisatorischer-wandel-in-einem-belgischen-familienunternehmen-der-baeckerei-und-lebensmittelbranche\/#primaryimage\"},\"image\":{\"@id\":\"https:\/\/www.gwynt.eu\/de\/organisatorischer-wandel-in-einem-belgischen-familienunternehmen-der-baeckerei-und-lebensmittelbranche\/#primaryimage\"},\"thumbnailUrl\":\"https:\/\/www.gwynt.eu\/wp-content\/uploads\/GoodlifeFoods_Boxtel-37.jpg\",\"datePublished\":\"2024-09-19T13:36:24+00:00\",\"breadcrumb\":{\"@id\":\"https:\/\/www.gwynt.eu\/de\/organisatorischer-wandel-in-einem-belgischen-familienunternehmen-der-baeckerei-und-lebensmittelbranche\/#breadcrumb\"},\"inLanguage\":\"de\",\"potentialAction\":[{\"@type\":\"ReadAction\",\"target\":[\"https:\/\/www.gwynt.eu\/de\/organisatorischer-wandel-in-einem-belgischen-familienunternehmen-der-baeckerei-und-lebensmittelbranche\/\"]}]},{\"@type\":\"ImageObject\",\"inLanguage\":\"de\",\"@id\":\"https:\/\/www.gwynt.eu\/de\/organisatorischer-wandel-in-einem-belgischen-familienunternehmen-der-baeckerei-und-lebensmittelbranche\/#primaryimage\",\"url\":\"https:\/\/www.gwynt.eu\/wp-content\/uploads\/GoodlifeFoods_Boxtel-37.jpg\",\"contentUrl\":\"https:\/\/www.gwynt.eu\/wp-content\/uploads\/GoodlifeFoods_Boxtel-37.jpg\",\"width\":1000,\"height\":648},{\"@type\":\"BreadcrumbList\",\"@id\":\"https:\/\/www.gwynt.eu\/de\/organisatorischer-wandel-in-einem-belgischen-familienunternehmen-der-baeckerei-und-lebensmittelbranche\/#breadcrumb\",\"itemListElement\":[{\"@type\":\"ListItem\",\"position\":1,\"name\":\"Startseite\",\"item\":\"https:\/\/www.gwynt.eu\/de\/saubere-homepage\/\"},{\"@type\":\"ListItem\",\"position\":2,\"name\":\"Organisatorischer Wandel in einem belgischen Familienunternehmen der B\u00e4ckerei- und Lebensmittelbranche\"}]},{\"@type\":\"WebSite\",\"@id\":\"https:\/\/www.gwynt.eu\/de\/#website\",\"url\":\"https:\/\/www.gwynt.eu\/de\/\",\"name\":\"Gwynt\",\"description\":\"Echte doorbraken bereik je samen\",\"publisher\":{\"@id\":\"https:\/\/www.gwynt.eu\/de\/#organization\"},\"potentialAction\":[{\"@type\":\"SearchAction\",\"target\":{\"@type\":\"EntryPoint\",\"urlTemplate\":\"https:\/\/www.gwynt.eu\/de\/?s={search_term_string}\"},\"query-input\":{\"@type\":\"PropertyValueSpecification\",\"valueRequired\":true,\"valueName\":\"search_term_string\"}}],\"inLanguage\":\"de\"},{\"@type\":\"Organization\",\"@id\":\"https:\/\/www.gwynt.eu\/de\/#organization\",\"name\":\"Gwynt\",\"url\":\"https:\/\/www.gwynt.eu\/de\/\",\"logo\":{\"@type\":\"ImageObject\",\"inLanguage\":\"de\",\"@id\":\"https:\/\/www.gwynt.eu\/de\/#\/schema\/logo\/image\/\",\"url\":\"https:\/\/www.gwynt.eu\/wp-content\/uploads\/GWYNT_LOGO_RGB.png\",\"contentUrl\":\"https:\/\/www.gwynt.eu\/wp-content\/uploads\/GWYNT_LOGO_RGB.png\",\"width\":363,\"height\":431,\"caption\":\"Gwynt\"},\"image\":{\"@id\":\"https:\/\/www.gwynt.eu\/de\/#\/schema\/logo\/image\/\"},\"sameAs\":[\"https:\/\/www.linkedin.com\/company\/gwynt\/mycompany\/\"]},{\"@type\":\"Person\",\"@id\":\"https:\/\/www.gwynt.eu\/de\/#\/schema\/person\/e215c0f4e38eb82d2aa4f951a28a22ec\",\"name\":\"analyze-design\",\"image\":{\"@type\":\"ImageObject\",\"inLanguage\":\"de\",\"@id\":\"https:\/\/www.gwynt.eu\/de\/#\/schema\/person\/image\/\",\"url\":\"https:\/\/www.gwynt.eu\/wp-content\/litespeed\/avatar\/114e82b0aa4d6255894fb2c382b4e0ca.jpg?ver=1777424120\",\"contentUrl\":\"https:\/\/www.gwynt.eu\/wp-content\/litespeed\/avatar\/114e82b0aa4d6255894fb2c382b4e0ca.jpg?ver=1777424120\",\"caption\":\"analyze-design\"},\"sameAs\":[\"https:\/\/www.gwynt.eu\"],\"url\":\"https:\/\/www.gwynt.eu\/de\/author\/analyze-design\/\"}]}<\/script>\n<!-- \/ Yoast SEO plugin. -->","yoast_head_json":{"title":"Organisatorischer Wandel in einem belgischen Familienunternehmen der B\u00e4ckerei- und Lebensmittelbranche - Gwynt","robots":{"index":"index","follow":"follow","max-snippet":"max-snippet:-1","max-image-preview":"max-image-preview:large","max-video-preview":"max-video-preview:-1"},"canonical":"https:\/\/www.gwynt.eu\/de\/organisatorischer-wandel-in-einem-belgischen-familienunternehmen-der-baeckerei-und-lebensmittelbranche\/","og_locale":"de_DE","og_type":"article","og_title":"Organisatorischer Wandel in einem belgischen Familienunternehmen der B\u00e4ckerei- und Lebensmittelbranche - Gwynt","og_description":"Ein belgisches Familienunternehmen, das im Bereich \u00d6le, Fette und Backwaren t\u00e4tig ist, stand vor einer gro\u00dfen Umstrukturierung. Mit Gesch\u00e4ftsbereichen in den Niederlanden und in Belgien, die sowohl im Food Service als auch im Einzelhandel t\u00e4tig sind, brauchte es eine effizientere und effektivere Gesch\u00e4ftsstruktur. Um dies zu erreichen, wurde eine Reorganisation mit dem Ziel eingeleitet, die [&hellip;]","og_url":"https:\/\/www.gwynt.eu\/de\/organisatorischer-wandel-in-einem-belgischen-familienunternehmen-der-baeckerei-und-lebensmittelbranche\/","og_site_name":"Gwynt","article_published_time":"2024-09-19T13:36:24+00:00","og_image":[{"width":1000,"height":648,"url":"https:\/\/www.gwynt.eu\/wp-content\/uploads\/GoodlifeFoods_Boxtel-37.jpg","type":"image\/jpeg"}],"author":"analyze-design","twitter_card":"summary_large_image","twitter_misc":{"Verfasst von":"analyze-design","Gesch\u00e4tzte Lesezeit":"2\u00a0Minute"},"schema":{"@context":"https:\/\/schema.org","@graph":[{"@type":"Article","@id":"https:\/\/www.gwynt.eu\/de\/organisatorischer-wandel-in-einem-belgischen-familienunternehmen-der-baeckerei-und-lebensmittelbranche\/#article","isPartOf":{"@id":"https:\/\/www.gwynt.eu\/de\/organisatorischer-wandel-in-einem-belgischen-familienunternehmen-der-baeckerei-und-lebensmittelbranche\/"},"author":{"name":"analyze-design","@id":"https:\/\/www.gwynt.eu\/de\/#\/schema\/person\/e215c0f4e38eb82d2aa4f951a28a22ec"},"headline":"Organisatorischer Wandel in einem belgischen Familienunternehmen der B\u00e4ckerei- und Lebensmittelbranche","datePublished":"2024-09-19T13:36:24+00:00","mainEntityOfPage":{"@id":"https:\/\/www.gwynt.eu\/de\/organisatorischer-wandel-in-einem-belgischen-familienunternehmen-der-baeckerei-und-lebensmittelbranche\/"},"wordCount":352,"publisher":{"@id":"https:\/\/www.gwynt.eu\/de\/#organization"},"image":{"@id":"https:\/\/www.gwynt.eu\/de\/organisatorischer-wandel-in-einem-belgischen-familienunternehmen-der-baeckerei-und-lebensmittelbranche\/#primaryimage"},"thumbnailUrl":"https:\/\/www.gwynt.eu\/wp-content\/uploads\/GoodlifeFoods_Boxtel-37.jpg","articleSection":["Kundenfall","Lebensmittel &amp; Agri","Transformation &amp; Betrieb"],"inLanguage":"de"},{"@type":"WebPage","@id":"https:\/\/www.gwynt.eu\/de\/organisatorischer-wandel-in-einem-belgischen-familienunternehmen-der-baeckerei-und-lebensmittelbranche\/","url":"https:\/\/www.gwynt.eu\/de\/organisatorischer-wandel-in-einem-belgischen-familienunternehmen-der-baeckerei-und-lebensmittelbranche\/","name":"Organisatorischer Wandel in einem belgischen Familienunternehmen der B\u00e4ckerei- und Lebensmittelbranche - Gwynt","isPartOf":{"@id":"https:\/\/www.gwynt.eu\/de\/#website"},"primaryImageOfPage":{"@id":"https:\/\/www.gwynt.eu\/de\/organisatorischer-wandel-in-einem-belgischen-familienunternehmen-der-baeckerei-und-lebensmittelbranche\/#primaryimage"},"image":{"@id":"https:\/\/www.gwynt.eu\/de\/organisatorischer-wandel-in-einem-belgischen-familienunternehmen-der-baeckerei-und-lebensmittelbranche\/#primaryimage"},"thumbnailUrl":"https:\/\/www.gwynt.eu\/wp-content\/uploads\/GoodlifeFoods_Boxtel-37.jpg","datePublished":"2024-09-19T13:36:24+00:00","breadcrumb":{"@id":"https:\/\/www.gwynt.eu\/de\/organisatorischer-wandel-in-einem-belgischen-familienunternehmen-der-baeckerei-und-lebensmittelbranche\/#breadcrumb"},"inLanguage":"de","potentialAction":[{"@type":"ReadAction","target":["https:\/\/www.gwynt.eu\/de\/organisatorischer-wandel-in-einem-belgischen-familienunternehmen-der-baeckerei-und-lebensmittelbranche\/"]}]},{"@type":"ImageObject","inLanguage":"de","@id":"https:\/\/www.gwynt.eu\/de\/organisatorischer-wandel-in-einem-belgischen-familienunternehmen-der-baeckerei-und-lebensmittelbranche\/#primaryimage","url":"https:\/\/www.gwynt.eu\/wp-content\/uploads\/GoodlifeFoods_Boxtel-37.jpg","contentUrl":"https:\/\/www.gwynt.eu\/wp-content\/uploads\/GoodlifeFoods_Boxtel-37.jpg","width":1000,"height":648},{"@type":"BreadcrumbList","@id":"https:\/\/www.gwynt.eu\/de\/organisatorischer-wandel-in-einem-belgischen-familienunternehmen-der-baeckerei-und-lebensmittelbranche\/#breadcrumb","itemListElement":[{"@type":"ListItem","position":1,"name":"Startseite","item":"https:\/\/www.gwynt.eu\/de\/saubere-homepage\/"},{"@type":"ListItem","position":2,"name":"Organisatorischer Wandel in einem belgischen Familienunternehmen der B\u00e4ckerei- und Lebensmittelbranche"}]},{"@type":"WebSite","@id":"https:\/\/www.gwynt.eu\/de\/#website","url":"https:\/\/www.gwynt.eu\/de\/","name":"Gwynt","description":"Echte doorbraken bereik je samen","publisher":{"@id":"https:\/\/www.gwynt.eu\/de\/#organization"},"potentialAction":[{"@type":"SearchAction","target":{"@type":"EntryPoint","urlTemplate":"https:\/\/www.gwynt.eu\/de\/?s={search_term_string}"},"query-input":{"@type":"PropertyValueSpecification","valueRequired":true,"valueName":"search_term_string"}}],"inLanguage":"de"},{"@type":"Organization","@id":"https:\/\/www.gwynt.eu\/de\/#organization","name":"Gwynt","url":"https:\/\/www.gwynt.eu\/de\/","logo":{"@type":"ImageObject","inLanguage":"de","@id":"https:\/\/www.gwynt.eu\/de\/#\/schema\/logo\/image\/","url":"https:\/\/www.gwynt.eu\/wp-content\/uploads\/GWYNT_LOGO_RGB.png","contentUrl":"https:\/\/www.gwynt.eu\/wp-content\/uploads\/GWYNT_LOGO_RGB.png","width":363,"height":431,"caption":"Gwynt"},"image":{"@id":"https:\/\/www.gwynt.eu\/de\/#\/schema\/logo\/image\/"},"sameAs":["https:\/\/www.linkedin.com\/company\/gwynt\/mycompany\/"]},{"@type":"Person","@id":"https:\/\/www.gwynt.eu\/de\/#\/schema\/person\/e215c0f4e38eb82d2aa4f951a28a22ec","name":"analyze-design","image":{"@type":"ImageObject","inLanguage":"de","@id":"https:\/\/www.gwynt.eu\/de\/#\/schema\/person\/image\/","url":"https:\/\/www.gwynt.eu\/wp-content\/litespeed\/avatar\/114e82b0aa4d6255894fb2c382b4e0ca.jpg?ver=1777424120","contentUrl":"https:\/\/www.gwynt.eu\/wp-content\/litespeed\/avatar\/114e82b0aa4d6255894fb2c382b4e0ca.jpg?ver=1777424120","caption":"analyze-design"},"sameAs":["https:\/\/www.gwynt.eu"],"url":"https:\/\/www.gwynt.eu\/de\/author\/analyze-design\/"}]}},"_links":{"self":[{"href":"https:\/\/www.gwynt.eu\/de\/wp-json\/wp\/v2\/posts\/247028","targetHints":{"allow":["GET"]}}],"collection":[{"href":"https:\/\/www.gwynt.eu\/de\/wp-json\/wp\/v2\/posts"}],"about":[{"href":"https:\/\/www.gwynt.eu\/de\/wp-json\/wp\/v2\/types\/post"}],"author":[{"embeddable":true,"href":"https:\/\/www.gwynt.eu\/de\/wp-json\/wp\/v2\/users\/1"}],"replies":[{"embeddable":true,"href":"https:\/\/www.gwynt.eu\/de\/wp-json\/wp\/v2\/comments?post=247028"}],"version-history":[{"count":0,"href":"https:\/\/www.gwynt.eu\/de\/wp-json\/wp\/v2\/posts\/247028\/revisions"}],"wp:featuredmedia":[{"embeddable":true,"href":"https:\/\/www.gwynt.eu\/de\/wp-json\/wp\/v2\/media\/247029"}],"wp:attachment":[{"href":"https:\/\/www.gwynt.eu\/de\/wp-json\/wp\/v2\/media?parent=247028"}],"wp:term":[{"taxonomy":"category","embeddable":true,"href":"https:\/\/www.gwynt.eu\/de\/wp-json\/wp\/v2\/categories?post=247028"},{"taxonomy":"post_tag","embeddable":true,"href":"https:\/\/www.gwynt.eu\/de\/wp-json\/wp\/v2\/tags?post=247028"}],"curies":[{"name":"wp","href":"https:\/\/api.w.org\/{rel}","templated":true}]}}