{"id":246947,"date":"2015-12-31T21:00:03","date_gmt":"2015-12-31T21:00:03","guid":{"rendered":"https:\/\/www.gwynt.eu\/die-richtige-balance-zwischen-unternehmertum-und-professionalisierung-auf-einer-soliden-grundlage\/"},"modified":"2015-12-31T21:00:03","modified_gmt":"2015-12-31T21:00:03","slug":"die-richtige-balance-zwischen-unternehmertum-und-professionalisierung-auf-einer-soliden-grundlage","status":"publish","type":"post","link":"https:\/\/www.gwynt.eu\/de\/die-richtige-balance-zwischen-unternehmertum-und-professionalisierung-auf-einer-soliden-grundlage\/","title":{"rendered":"Die richtige Balance zwischen Unternehmertum und Professionalisierung auf einer soliden Grundlage"},"content":{"rendered":"<h4><strong>Einf\u00fchrung<\/strong><\/h4>\n<p>&#8222;Wie k\u00f6nnen wir unser Unternehmen professionalisieren und gleichzeitig unternehmerisch bleiben?&#8220; Diese Frage wird h\u00e4ufig gestellt, und die zweite Frage, die sich daran anschlie\u00dft, lautet oft: &#8222;Welche Rolle werde ich als Familienvorstand w\u00e4hrend und nach der Professionalisierung spielen?&#8220; Unter Familienunternehmen besteht die gro\u00dfe Sorge, dass das Unternehmen im Zuge der Professionalisierung b\u00fcrokratisch und formell wird, seine Flexibilit\u00e4t und Reaktionsf\u00e4higkeit auf den Markt abnimmt und der Einfluss der Familie auf das Unternehmen schwindet. In diesem zweiten Artikel befasse ich mich mit den Herausforderungen der Professionalisierung und gebe praktische Anleitungen f\u00fcr das Unternehmen und die Familie in diesem oft schwierigen, aber wichtigen Prozess, um die Kontinuit\u00e4t des Unternehmens zu gew\u00e4hrleisten.   <\/p>\n<h4><strong>Zusammenfassung des vorherigen Artikels: Der Kern der Professionalisierung<\/strong><\/h4>\n<p>Professionalisierung ist ein Sammelbegriff, f\u00fcr den es keine eindeutige Definition gibt. Auch der Begriff &#8218;professionelles Management&#8216; wird h\u00e4ufig ohne eindeutige Definition verwendet. Viele Unternehmer verbinden mit Professionalisierung oft: mehr Struktur bringen, den \u00dcberblick und die Kontrolle behalten, Klarheit f\u00fcr (neue) Mitarbeiter schaffen, bessere interne Absprachen treffen, effizienter werden, das Rad nicht neu erfinden oder Verwaltungsangelegenheiten effizienter gestalten. Im vorherigen Artikel habe ich die vier Hauptelemente der Professionalisierung erw\u00e4hnt (siehe Abbildung 1).   <\/p>\n<p>Die Rationalisierung und Formalisierung des Unternehmens scheint f\u00fcr Familienunternehmen die gr\u00f6\u00dfte Herausforderung zu sein, da diese Elemente zu B\u00fcrokratie und Starrheit f\u00fchren k\u00f6nnen. Und das ist das Letzte, was ein Familienunternehmen will. Meiner Erfahrung nach f\u00e4llt Familienunternehmen die Delegation jedoch - aus emotionaler Sicht - besonders schwer. Schlie\u00dflich bedeutet Delegation die F\u00e4higkeit, loszulassen und innerhalb eines klaren und vereinbarten Rahmens Befugnisse an - oft externe - Manager und Mitarbeiter abzugeben. Delegation bedeutet, dass sie Entscheidungen treffen d\u00fcrfen und sogar m\u00fcssen, die sich von denen unterscheiden, die die Familie treffen w\u00fcrde. Entscheidend dabei ist, dass dies vorher vereinbart wird:     <\/p>\n<ul>\n<li>welche Verantwortung der Vorgesetzte oder Mitarbeiter hat;<\/li>\n<li>Was die konkreten Ziele f\u00fcr den Mitarbeiter und seine Abteilung sind;<\/li>\n<li>dass er oder sie im Rahmen dieser Verantwortung die Freiheit hat, seine oder ihre eigenen Interpretationen und Entscheidungen zu treffen und<\/li>\n<li>die Familie auch innerhalb des vereinbarten Rahmens bleibt.<\/li>\n<\/ul>\n<p>In der Praxis ist dies aus mehreren Gr\u00fcnden schwierig, nicht nur f\u00fcr die Eigent\u00fcmer und Vorst\u00e4nde von Familienunternehmen, sondern auch f\u00fcr die Mitarbeiter:<\/p>\n<ul>\n<li>Familienunternehmen werden oft aus der Intuition heraus gef\u00fchrt. Die Vision und die Strategie sind &#8222;zwischen den Ohren&#8220; der Familie und werden oft nicht ausgearbeitet. Der Eigent\u00fcmer hat seine F\u00fchler im Unternehmen und trifft seine Entscheidungen auf der Grundlage aller Informationen, die er formell oder informell erh\u00e4lt. Die gro\u00dfe Frage ist, ob der Familienvorstand sein &#8218;F\u00fchlerspitzengef\u00fchl&#8216; mit den Managern und Mitarbeitern im Unternehmen teilen kann und will, so dass sie in der Lage sind, Verantwortung und Entscheidungen zu \u00fcbernehmen.   <\/li>\n<li>Inwieweit haben Mitarbeiter von Familienunternehmen Unternehmergeist in sich? In den letzten Jahrzehnten sind sie besonders gut darin geworden, Feuer zu l\u00f6schen, L\u00f6cher zu stopfen und schnell auf die (wechselnden) Ideen der Eigent\u00fcmer zu reagieren, und werden f\u00fcr ihr Engagement und ihre Loyalit\u00e4t gesch\u00e4tzt. Familienunternehmer verwechseln Loyalit\u00e4t und Flexibilit\u00e4t ihrer Mitarbeiter oft mit Unternehmertum. Beim Unternehmertum geht es jedoch darum, Chancen zu erkennen, Mut zu zeigen, an sich selbst zu glauben und durchzuhalten. Nicht alle Familien sch\u00e4tzen diese Eigenschaften bei ihren Mitarbeitern, denn sie wollen in erster Linie selbst Unternehmer sein und die Richtung vorgeben.    <\/li>\n<\/ul>\n<p>Der Hauptunterschied zwischen Familienunternehmen und (\u00fcber)strukturierten formellen Unternehmen besteht darin, dass das Unternehmertum in Familienunternehmen haupts\u00e4chlich an der Spitze und damit bei der Familie (und nicht bei den Mitarbeitern) liegt und dass formelle Unternehmen im Gegensatz dazu ehrgeizige, unternehmerisch denkende Mitarbeiter anziehen, die durch die B\u00fcrokratie und die Politik in einem Unternehmensumfeld gehemmt werden k\u00f6nnten. Dies wird in Abbildung 2 dargestellt. Die Herausforderung besteht darin, das &#8218;Beste aus beiden Welten&#8216; zu realisieren.  <\/p>\n<h4><strong>Praktische Schritte zur Verwirklichung des &#8218;Besten aus beiden Welten&#8216;<\/strong><\/h4>\n<p>Aus meiner Erfahrung mit der &#8218;Professionalisierung&#8216; von Familienunternehmen wei\u00df ich, wie wichtig es ist, eine gute Grundlage f\u00fcr die Professionalisierung und die F\u00f6rderung des Unternehmertums der Mitarbeiter zu schaffen. Diese Grundlage kann hervorragend durch die Lean-Philosophie gelegt werden. Lean wurde im Familienunternehmen Toyota von Toyota-Gr\u00fcnder Sakichi Toyoda, seinem Sohn Kiichiro Toyoda, seinem Neffen Elji Toyoda und dem Produktionsleiter Taiichi Ohno in den 1960er und 1970er Jahren (weiter)entwickelt. Das Familienunternehmen Toyota musste sich professionalisieren, um in Amerika Autos zu verkaufen, die der h\u00f6heren Qualit\u00e4t der amerikanischen Marken entsprachen. Die Grundlage von Lean war und ist die Eliminierung von &#8217;nicht wertsch\u00f6pfenden T\u00e4tigkeiten&#8216; und die Lieferung von gleichbleibend hoher Qualit\u00e4t: eine \u00c4nderung der Kultur von der Brandbek\u00e4mpfung zur kontinuierlichen Verbesserung. Dabei ist es wichtig, dass die Mitarbeiter auf allen Ebenen des Unternehmens Eigenverantwortung und Unternehmergeist entwickeln. Die Grundprinzipien von Lean und Professionalisierung sind:      <\/p>\n<h4><strong>Grundsatz 1: Standards als Grundlage f\u00fcr Verbesserungen<\/strong><\/h4>\n<p>Wenn es keinen Standard gibt, wie k\u00f6nnen Sie sich dann verbessern?<\/p>\n<p>In vielen Familienunternehmen gibt es oft ungeschriebene Gesetze und begrenzte Standards, z.B. f\u00fcr operative oder administrative Prozesse oder den Budgetzyklus. Stellen Sie sich die Entwicklung einer Fu\u00dfballmannschaft vor: Sobald Vereinbarungen getroffen und eingehalten werden, z. B. zum Positionsspiel, spielt die Mannschaft viel effektiver. Der Standard ist die beste Arbeitsweise zu diesem Zeitpunkt. Nach dem Standard zu arbeiten bedeutet, dass individuelle Ansichten nicht akzeptiert werden und dass die Mitarbeiter von oben bis unten nach diesem Standard arbeiten. Damit sind die Rahmenbedingungen bekannt, die Mitarbeiter sind f\u00fcr die Anwendung des Standards verantwortlich und es k\u00f6nnen Schritte unternommen werden, um sich weiter vom Standard zu entfernen. Die ersten praktischen Schritte zur Verwirklichung des Standards sind:     <\/p>\n<ul>\n<li>ermitteln, welche Standards als erstes ben\u00f6tigt werden;<\/li>\n<li>Bringen Sie Mitarbeiter zusammen, um sich \u00fcber ihre pers\u00f6nlichen Arbeitsmethoden und ihr Handwerk klar zu werden (wie machen Sie etwas und warum machen Sie es so);<\/li>\n<li>auf dieser Grundlage miteinander umgehen und den Standard setzen;<\/li>\n<li>Mitarbeiter im neuen Standard zu schulen;<\/li>\n<li>Halten Sie Standards ein, zeigen Sie vorbildliches Verhalten (durch das Management);<\/li>\n<li>Verbessern Sie die Standards auf der Grundlage von Mitarbeiterinitiativen.<\/li>\n<\/ul>\n<p>Die Vorteile der Arbeit mit Standards sind, dass das Rad nicht jedes Mal neu erfunden werden muss, dass Klarheit geschaffen wird, dass die Mitarbeiter sich gegenseitig f\u00fcr die Arbeit nach dem Standard zur Rechenschaft ziehen k\u00f6nnen und d\u00fcrfen und dass die Organisation lernt. Der Standard schafft Eigenverantwortung und fordert die Mitarbeiter heraus, den Standard weiter zu verbessern. Gerade durch die Standardisierung von Prozessen wird Raum f\u00fcr Kreativit\u00e4t und Unternehmertum geschaffen.  <\/p>\n<h4><strong>Prinzip 2: Wissen, wo Sie stehen<\/strong><\/h4>\n<p>&#8218;Wenn Sie nicht wissen, wo Sie stehen, agieren Sie nur aus Reaktivit\u00e4t&#8216;.<\/p>\n<p>Von jedem Mitarbeiter, vom Management bis zur Werkstatt, sollte erwartet werden, dass er st\u00e4ndig wei\u00df, ob er dem Plan voraus oder hinterher ist. Au\u00dferdem sollte von jedem erwartet werden, dass er R\u00fcckst\u00e4nde proaktiv erkennt und \u00fcberlegt, welche (Korrektur-)Ma\u00dfnahmen erforderlich sind, um den R\u00fcckstand aufzuholen. Also nicht warten (auf die Familie) oder auf den anderen zeigen, sondern Verantwortung \u00fcbernehmen. Die Umsetzung dieses Prinzips bedeutet jedoch eine ganze Menge. Genauer gesagt bedeutet es:    <\/p>\n<ul>\n<li>Das Management muss in der Lage sein, die langfristige Vision und die Ziele in konkrete Ziele auf allen Ebenen der Organisation umzusetzen, von der j\u00e4hrlichen bis zur t\u00e4glichen Ebene;<\/li>\n<li>Die Mitarbeiter erhalten die Zielvorgaben und k\u00f6nnen selbst\u00e4ndig und einfach feststellen, ob sie vor oder zur\u00fcck liegen;<\/li>\n<li>Manager gehen regelm\u00e4\u00dfig um ihre Mitarbeiter herum, um sie in Bezug auf Einstellung, Verhalten und die neue Arbeitsweise zu unterst\u00fctzen und zu coachen.<\/li>\n<li>Mitarbeiter entwickeln die Einstellung, proaktiv zu werden, sich gegenseitig zur Verantwortung zu ziehen und Initiativen zu ergreifen.<\/li>\n<\/ul>\n<p>Auf der Grundlage der Standards und der Konkretisierung der Ziele auf t\u00e4glicher, w\u00f6chentlicher, monatlicher und j\u00e4hrlicher Ebene wird das Unternehmen berechenbar, die Mitarbeiter sind rechenschaftspflichtig und die Basis f\u00fcr kontinuierliche Verbesserung und Eigenverantwortung wird gelegt. Beide Prinzipien k\u00f6nnen jedoch nur auf der Grundlage des dritten Prinzips verwirklicht werden: <\/p>\n<h4><strong>Prinzip 3: Enges Zusammenspiel<\/strong><\/h4>\n<p>S\u00e4en, gie\u00dfen und dann ernten entsteht durch Rhythmus und Disziplin&#8220;.<\/p>\n<p>Viele Familienunternehmen sind aus Unternehmergeist, dem Erkennen und Ergreifen von Chancen, Flexibilit\u00e4t und Leidenschaft entstanden. Diese Elemente scheinen im Widerspruch zu Struktur und Disziplin zu stehen. Doch ohne Disziplin und eine strukturierte Nachfolge in der Gesch\u00e4ftsf\u00fchrung wird sich ein Unternehmen nur begrenzt entwickeln und professionalisieren. Auch hier gilt der Vergleich mit einer Fu\u00dfballmannschaft: Ein kreativer St\u00fcrmer kann sich nur entfalten, wenn der Rest der Mannschaft diszipliniert das Spiel aufbaut. In Familienunternehmen besteht die gro\u00dfe Herausforderung darin, dass die Gesch\u00e4ftsleitung mit gutem Beispiel vorangeht. Wenn sie nicht diszipliniert sind und die Prinzipien tragen und wiederholen, wer soll es dann tun? Zumindest nicht die Mitarbeiter, die an die Kultur des Feuerl\u00f6schens gew\u00f6hnt sind und es sogar m\u00f6gen.      <\/p>\n<h4><strong>Endlich<\/strong><\/h4>\n<p>In diesem Artikel geht es um die Herausforderung, Professionalit\u00e4t und Unternehmertum Hand in Hand gehen zu lassen. Die wichtigste Schlussfolgerung ist, dass Unternehmen gerade durch die Standardisierung und die Schaffung von Klarheit in die Lage versetzt werden, Unternehmertum weiter unten in der Organisation zu verankern. Und indem man den Mitarbeitern einen Rahmen gibt, wird Eigenverantwortung geschaffen. Und das Erreichen von Eigenverantwortung ist eine Voraussetzung f\u00fcr Unternehmertum.   <\/p>\n","protected":false},"excerpt":{"rendered":"<p>Einf\u00fchrung &#8222;Wie k\u00f6nnen wir unser Unternehmen professionalisieren und gleichzeitig unternehmerisch bleiben?&#8220; Diese Frage wird h\u00e4ufig gestellt, und die zweite Frage, die sich daran anschlie\u00dft, lautet oft: &#8222;Welche Rolle werde ich als Familienvorstand w\u00e4hrend und nach der Professionalisierung spielen?&#8220; Unter Familienunternehmen besteht die gro\u00dfe Sorge, dass das Unternehmen im Zuge der Professionalisierung b\u00fcrokratisch und formell wird, [&hellip;]<\/p>\n","protected":false},"author":1,"featured_media":246950,"comment_status":"open","ping_status":"open","sticky":false,"template":"","format":"standard","meta":{"_et_pb_use_builder":"","_et_pb_old_content":"","_et_gb_content_width":"","content-type":"","inline_featured_image":false,"footnotes":""},"categories":[167,162],"tags":[168],"class_list":["post-246947","post","type-post","status-publish","format-standard","has-post-thumbnail","hentry","category-familienunternehmen","category-vision-de","tag-dirk-harm-eijssen-de"],"yoast_head":"<!-- This site is optimized with the Yoast SEO plugin v26.7 - https:\/\/yoast.com\/wordpress\/plugins\/seo\/ -->\n<title>Die richtige Balance zwischen Unternehmertum und Professionalisierung auf einer soliden Grundlage - Gwynt<\/title>\n<meta name=\"robots\" content=\"index, follow, max-snippet:-1, max-image-preview:large, max-video-preview:-1\" \/>\n<link rel=\"canonical\" href=\"https:\/\/www.gwynt.eu\/de\/die-richtige-balance-zwischen-unternehmertum-und-professionalisierung-auf-einer-soliden-grundlage\/\" \/>\n<meta property=\"og:locale\" content=\"de_DE\" \/>\n<meta property=\"og:type\" content=\"article\" \/>\n<meta property=\"og:title\" content=\"Die richtige Balance zwischen Unternehmertum und Professionalisierung auf einer soliden Grundlage - Gwynt\" \/>\n<meta property=\"og:description\" content=\"Einf\u00fchrung &#8222;Wie k\u00f6nnen wir unser Unternehmen professionalisieren und gleichzeitig unternehmerisch bleiben?&#8220; Diese Frage wird h\u00e4ufig gestellt, und die zweite Frage, die sich daran anschlie\u00dft, lautet oft: &#8222;Welche Rolle werde ich als Familienvorstand w\u00e4hrend und nach der Professionalisierung spielen?&#8220; Unter Familienunternehmen besteht die gro\u00dfe Sorge, dass das Unternehmen im Zuge der Professionalisierung b\u00fcrokratisch und formell wird, [&hellip;]\" \/>\n<meta property=\"og:url\" content=\"https:\/\/www.gwynt.eu\/de\/die-richtige-balance-zwischen-unternehmertum-und-professionalisierung-auf-einer-soliden-grundlage\/\" \/>\n<meta property=\"og:site_name\" content=\"Gwynt\" \/>\n<meta property=\"article:published_time\" content=\"2015-12-31T21:00:03+00:00\" \/>\n<meta property=\"og:image\" content=\"https:\/\/www.gwynt.eu\/wp-content\/uploads\/OpEx.jpg\" \/>\n\t<meta property=\"og:image:width\" content=\"695\" \/>\n\t<meta property=\"og:image:height\" content=\"422\" \/>\n\t<meta property=\"og:image:type\" content=\"image\/jpeg\" \/>\n<meta name=\"author\" content=\"analyze-design\" \/>\n<meta name=\"twitter:card\" content=\"summary_large_image\" \/>\n<meta name=\"twitter:label1\" content=\"Verfasst von\" \/>\n\t<meta name=\"twitter:data1\" content=\"analyze-design\" \/>\n\t<meta name=\"twitter:label2\" content=\"Gesch\u00e4tzte Lesezeit\" \/>\n\t<meta name=\"twitter:data2\" content=\"8\u00a0Minuten\" \/>\n<script type=\"application\/ld+json\" class=\"yoast-schema-graph\">{\"@context\":\"https:\/\/schema.org\",\"@graph\":[{\"@type\":\"Article\",\"@id\":\"https:\/\/www.gwynt.eu\/de\/die-richtige-balance-zwischen-unternehmertum-und-professionalisierung-auf-einer-soliden-grundlage\/#article\",\"isPartOf\":{\"@id\":\"https:\/\/www.gwynt.eu\/de\/die-richtige-balance-zwischen-unternehmertum-und-professionalisierung-auf-einer-soliden-grundlage\/\"},\"author\":{\"name\":\"analyze-design\",\"@id\":\"https:\/\/www.gwynt.eu\/de\/#\/schema\/person\/e215c0f4e38eb82d2aa4f951a28a22ec\"},\"headline\":\"Die richtige Balance zwischen Unternehmertum und Professionalisierung auf einer soliden Grundlage\",\"datePublished\":\"2015-12-31T21:00:03+00:00\",\"mainEntityOfPage\":{\"@id\":\"https:\/\/www.gwynt.eu\/de\/die-richtige-balance-zwischen-unternehmertum-und-professionalisierung-auf-einer-soliden-grundlage\/\"},\"wordCount\":1552,\"commentCount\":0,\"publisher\":{\"@id\":\"https:\/\/www.gwynt.eu\/de\/#organization\"},\"image\":{\"@id\":\"https:\/\/www.gwynt.eu\/de\/die-richtige-balance-zwischen-unternehmertum-und-professionalisierung-auf-einer-soliden-grundlage\/#primaryimage\"},\"thumbnailUrl\":\"https:\/\/www.gwynt.eu\/wp-content\/uploads\/OpEx.jpg\",\"keywords\":[\"Dirk Harm Eijssen\"],\"articleSection\":[\"Familienunternehmen\",\"Vision\"],\"inLanguage\":\"de\",\"potentialAction\":[{\"@type\":\"CommentAction\",\"name\":\"Comment\",\"target\":[\"https:\/\/www.gwynt.eu\/de\/die-richtige-balance-zwischen-unternehmertum-und-professionalisierung-auf-einer-soliden-grundlage\/#respond\"]}]},{\"@type\":\"WebPage\",\"@id\":\"https:\/\/www.gwynt.eu\/de\/die-richtige-balance-zwischen-unternehmertum-und-professionalisierung-auf-einer-soliden-grundlage\/\",\"url\":\"https:\/\/www.gwynt.eu\/de\/die-richtige-balance-zwischen-unternehmertum-und-professionalisierung-auf-einer-soliden-grundlage\/\",\"name\":\"Die richtige Balance zwischen Unternehmertum und Professionalisierung auf einer soliden Grundlage - Gwynt\",\"isPartOf\":{\"@id\":\"https:\/\/www.gwynt.eu\/de\/#website\"},\"primaryImageOfPage\":{\"@id\":\"https:\/\/www.gwynt.eu\/de\/die-richtige-balance-zwischen-unternehmertum-und-professionalisierung-auf-einer-soliden-grundlage\/#primaryimage\"},\"image\":{\"@id\":\"https:\/\/www.gwynt.eu\/de\/die-richtige-balance-zwischen-unternehmertum-und-professionalisierung-auf-einer-soliden-grundlage\/#primaryimage\"},\"thumbnailUrl\":\"https:\/\/www.gwynt.eu\/wp-content\/uploads\/OpEx.jpg\",\"datePublished\":\"2015-12-31T21:00:03+00:00\",\"breadcrumb\":{\"@id\":\"https:\/\/www.gwynt.eu\/de\/die-richtige-balance-zwischen-unternehmertum-und-professionalisierung-auf-einer-soliden-grundlage\/#breadcrumb\"},\"inLanguage\":\"de\",\"potentialAction\":[{\"@type\":\"ReadAction\",\"target\":[\"https:\/\/www.gwynt.eu\/de\/die-richtige-balance-zwischen-unternehmertum-und-professionalisierung-auf-einer-soliden-grundlage\/\"]}]},{\"@type\":\"ImageObject\",\"inLanguage\":\"de\",\"@id\":\"https:\/\/www.gwynt.eu\/de\/die-richtige-balance-zwischen-unternehmertum-und-professionalisierung-auf-einer-soliden-grundlage\/#primaryimage\",\"url\":\"https:\/\/www.gwynt.eu\/wp-content\/uploads\/OpEx.jpg\",\"contentUrl\":\"https:\/\/www.gwynt.eu\/wp-content\/uploads\/OpEx.jpg\",\"width\":695,\"height\":422},{\"@type\":\"BreadcrumbList\",\"@id\":\"https:\/\/www.gwynt.eu\/de\/die-richtige-balance-zwischen-unternehmertum-und-professionalisierung-auf-einer-soliden-grundlage\/#breadcrumb\",\"itemListElement\":[{\"@type\":\"ListItem\",\"position\":1,\"name\":\"Startseite\",\"item\":\"https:\/\/www.gwynt.eu\/de\/saubere-homepage\/\"},{\"@type\":\"ListItem\",\"position\":2,\"name\":\"Die richtige Balance zwischen Unternehmertum und Professionalisierung auf einer soliden Grundlage\"}]},{\"@type\":\"WebSite\",\"@id\":\"https:\/\/www.gwynt.eu\/de\/#website\",\"url\":\"https:\/\/www.gwynt.eu\/de\/\",\"name\":\"Gwynt\",\"description\":\"Echte doorbraken bereik je samen\",\"publisher\":{\"@id\":\"https:\/\/www.gwynt.eu\/de\/#organization\"},\"potentialAction\":[{\"@type\":\"SearchAction\",\"target\":{\"@type\":\"EntryPoint\",\"urlTemplate\":\"https:\/\/www.gwynt.eu\/de\/?s={search_term_string}\"},\"query-input\":{\"@type\":\"PropertyValueSpecification\",\"valueRequired\":true,\"valueName\":\"search_term_string\"}}],\"inLanguage\":\"de\"},{\"@type\":\"Organization\",\"@id\":\"https:\/\/www.gwynt.eu\/de\/#organization\",\"name\":\"Gwynt\",\"url\":\"https:\/\/www.gwynt.eu\/de\/\",\"logo\":{\"@type\":\"ImageObject\",\"inLanguage\":\"de\",\"@id\":\"https:\/\/www.gwynt.eu\/de\/#\/schema\/logo\/image\/\",\"url\":\"https:\/\/www.gwynt.eu\/wp-content\/uploads\/GWYNT_LOGO_RGB.png\",\"contentUrl\":\"https:\/\/www.gwynt.eu\/wp-content\/uploads\/GWYNT_LOGO_RGB.png\",\"width\":363,\"height\":431,\"caption\":\"Gwynt\"},\"image\":{\"@id\":\"https:\/\/www.gwynt.eu\/de\/#\/schema\/logo\/image\/\"},\"sameAs\":[\"https:\/\/www.linkedin.com\/company\/gwynt\/mycompany\/\"]},{\"@type\":\"Person\",\"@id\":\"https:\/\/www.gwynt.eu\/de\/#\/schema\/person\/e215c0f4e38eb82d2aa4f951a28a22ec\",\"name\":\"analyze-design\",\"image\":{\"@type\":\"ImageObject\",\"inLanguage\":\"de\",\"@id\":\"https:\/\/www.gwynt.eu\/de\/#\/schema\/person\/image\/\",\"url\":\"https:\/\/www.gwynt.eu\/wp-content\/litespeed\/avatar\/114e82b0aa4d6255894fb2c382b4e0ca.jpg?ver=1777424120\",\"contentUrl\":\"https:\/\/www.gwynt.eu\/wp-content\/litespeed\/avatar\/114e82b0aa4d6255894fb2c382b4e0ca.jpg?ver=1777424120\",\"caption\":\"analyze-design\"},\"sameAs\":[\"https:\/\/www.gwynt.eu\"],\"url\":\"https:\/\/www.gwynt.eu\/de\/author\/analyze-design\/\"}]}<\/script>\n<!-- \/ Yoast SEO plugin. -->","yoast_head_json":{"title":"Die richtige Balance zwischen Unternehmertum und Professionalisierung auf einer soliden Grundlage - Gwynt","robots":{"index":"index","follow":"follow","max-snippet":"max-snippet:-1","max-image-preview":"max-image-preview:large","max-video-preview":"max-video-preview:-1"},"canonical":"https:\/\/www.gwynt.eu\/de\/die-richtige-balance-zwischen-unternehmertum-und-professionalisierung-auf-einer-soliden-grundlage\/","og_locale":"de_DE","og_type":"article","og_title":"Die richtige Balance zwischen Unternehmertum und Professionalisierung auf einer soliden Grundlage - Gwynt","og_description":"Einf\u00fchrung &#8222;Wie k\u00f6nnen wir unser Unternehmen professionalisieren und gleichzeitig unternehmerisch bleiben?&#8220; Diese Frage wird h\u00e4ufig gestellt, und die zweite Frage, die sich daran anschlie\u00dft, lautet oft: &#8222;Welche Rolle werde ich als Familienvorstand w\u00e4hrend und nach der Professionalisierung spielen?&#8220; Unter Familienunternehmen besteht die gro\u00dfe Sorge, dass das Unternehmen im Zuge der Professionalisierung b\u00fcrokratisch und formell wird, [&hellip;]","og_url":"https:\/\/www.gwynt.eu\/de\/die-richtige-balance-zwischen-unternehmertum-und-professionalisierung-auf-einer-soliden-grundlage\/","og_site_name":"Gwynt","article_published_time":"2015-12-31T21:00:03+00:00","og_image":[{"width":695,"height":422,"url":"https:\/\/www.gwynt.eu\/wp-content\/uploads\/OpEx.jpg","type":"image\/jpeg"}],"author":"analyze-design","twitter_card":"summary_large_image","twitter_misc":{"Verfasst von":"analyze-design","Gesch\u00e4tzte Lesezeit":"8\u00a0Minuten"},"schema":{"@context":"https:\/\/schema.org","@graph":[{"@type":"Article","@id":"https:\/\/www.gwynt.eu\/de\/die-richtige-balance-zwischen-unternehmertum-und-professionalisierung-auf-einer-soliden-grundlage\/#article","isPartOf":{"@id":"https:\/\/www.gwynt.eu\/de\/die-richtige-balance-zwischen-unternehmertum-und-professionalisierung-auf-einer-soliden-grundlage\/"},"author":{"name":"analyze-design","@id":"https:\/\/www.gwynt.eu\/de\/#\/schema\/person\/e215c0f4e38eb82d2aa4f951a28a22ec"},"headline":"Die richtige Balance zwischen Unternehmertum und Professionalisierung auf einer soliden Grundlage","datePublished":"2015-12-31T21:00:03+00:00","mainEntityOfPage":{"@id":"https:\/\/www.gwynt.eu\/de\/die-richtige-balance-zwischen-unternehmertum-und-professionalisierung-auf-einer-soliden-grundlage\/"},"wordCount":1552,"commentCount":0,"publisher":{"@id":"https:\/\/www.gwynt.eu\/de\/#organization"},"image":{"@id":"https:\/\/www.gwynt.eu\/de\/die-richtige-balance-zwischen-unternehmertum-und-professionalisierung-auf-einer-soliden-grundlage\/#primaryimage"},"thumbnailUrl":"https:\/\/www.gwynt.eu\/wp-content\/uploads\/OpEx.jpg","keywords":["Dirk Harm Eijssen"],"articleSection":["Familienunternehmen","Vision"],"inLanguage":"de","potentialAction":[{"@type":"CommentAction","name":"Comment","target":["https:\/\/www.gwynt.eu\/de\/die-richtige-balance-zwischen-unternehmertum-und-professionalisierung-auf-einer-soliden-grundlage\/#respond"]}]},{"@type":"WebPage","@id":"https:\/\/www.gwynt.eu\/de\/die-richtige-balance-zwischen-unternehmertum-und-professionalisierung-auf-einer-soliden-grundlage\/","url":"https:\/\/www.gwynt.eu\/de\/die-richtige-balance-zwischen-unternehmertum-und-professionalisierung-auf-einer-soliden-grundlage\/","name":"Die richtige Balance zwischen Unternehmertum und Professionalisierung auf einer soliden Grundlage - Gwynt","isPartOf":{"@id":"https:\/\/www.gwynt.eu\/de\/#website"},"primaryImageOfPage":{"@id":"https:\/\/www.gwynt.eu\/de\/die-richtige-balance-zwischen-unternehmertum-und-professionalisierung-auf-einer-soliden-grundlage\/#primaryimage"},"image":{"@id":"https:\/\/www.gwynt.eu\/de\/die-richtige-balance-zwischen-unternehmertum-und-professionalisierung-auf-einer-soliden-grundlage\/#primaryimage"},"thumbnailUrl":"https:\/\/www.gwynt.eu\/wp-content\/uploads\/OpEx.jpg","datePublished":"2015-12-31T21:00:03+00:00","breadcrumb":{"@id":"https:\/\/www.gwynt.eu\/de\/die-richtige-balance-zwischen-unternehmertum-und-professionalisierung-auf-einer-soliden-grundlage\/#breadcrumb"},"inLanguage":"de","potentialAction":[{"@type":"ReadAction","target":["https:\/\/www.gwynt.eu\/de\/die-richtige-balance-zwischen-unternehmertum-und-professionalisierung-auf-einer-soliden-grundlage\/"]}]},{"@type":"ImageObject","inLanguage":"de","@id":"https:\/\/www.gwynt.eu\/de\/die-richtige-balance-zwischen-unternehmertum-und-professionalisierung-auf-einer-soliden-grundlage\/#primaryimage","url":"https:\/\/www.gwynt.eu\/wp-content\/uploads\/OpEx.jpg","contentUrl":"https:\/\/www.gwynt.eu\/wp-content\/uploads\/OpEx.jpg","width":695,"height":422},{"@type":"BreadcrumbList","@id":"https:\/\/www.gwynt.eu\/de\/die-richtige-balance-zwischen-unternehmertum-und-professionalisierung-auf-einer-soliden-grundlage\/#breadcrumb","itemListElement":[{"@type":"ListItem","position":1,"name":"Startseite","item":"https:\/\/www.gwynt.eu\/de\/saubere-homepage\/"},{"@type":"ListItem","position":2,"name":"Die richtige Balance zwischen Unternehmertum und Professionalisierung auf einer soliden Grundlage"}]},{"@type":"WebSite","@id":"https:\/\/www.gwynt.eu\/de\/#website","url":"https:\/\/www.gwynt.eu\/de\/","name":"Gwynt","description":"Echte doorbraken bereik je samen","publisher":{"@id":"https:\/\/www.gwynt.eu\/de\/#organization"},"potentialAction":[{"@type":"SearchAction","target":{"@type":"EntryPoint","urlTemplate":"https:\/\/www.gwynt.eu\/de\/?s={search_term_string}"},"query-input":{"@type":"PropertyValueSpecification","valueRequired":true,"valueName":"search_term_string"}}],"inLanguage":"de"},{"@type":"Organization","@id":"https:\/\/www.gwynt.eu\/de\/#organization","name":"Gwynt","url":"https:\/\/www.gwynt.eu\/de\/","logo":{"@type":"ImageObject","inLanguage":"de","@id":"https:\/\/www.gwynt.eu\/de\/#\/schema\/logo\/image\/","url":"https:\/\/www.gwynt.eu\/wp-content\/uploads\/GWYNT_LOGO_RGB.png","contentUrl":"https:\/\/www.gwynt.eu\/wp-content\/uploads\/GWYNT_LOGO_RGB.png","width":363,"height":431,"caption":"Gwynt"},"image":{"@id":"https:\/\/www.gwynt.eu\/de\/#\/schema\/logo\/image\/"},"sameAs":["https:\/\/www.linkedin.com\/company\/gwynt\/mycompany\/"]},{"@type":"Person","@id":"https:\/\/www.gwynt.eu\/de\/#\/schema\/person\/e215c0f4e38eb82d2aa4f951a28a22ec","name":"analyze-design","image":{"@type":"ImageObject","inLanguage":"de","@id":"https:\/\/www.gwynt.eu\/de\/#\/schema\/person\/image\/","url":"https:\/\/www.gwynt.eu\/wp-content\/litespeed\/avatar\/114e82b0aa4d6255894fb2c382b4e0ca.jpg?ver=1777424120","contentUrl":"https:\/\/www.gwynt.eu\/wp-content\/litespeed\/avatar\/114e82b0aa4d6255894fb2c382b4e0ca.jpg?ver=1777424120","caption":"analyze-design"},"sameAs":["https:\/\/www.gwynt.eu"],"url":"https:\/\/www.gwynt.eu\/de\/author\/analyze-design\/"}]}},"_links":{"self":[{"href":"https:\/\/www.gwynt.eu\/de\/wp-json\/wp\/v2\/posts\/246947","targetHints":{"allow":["GET"]}}],"collection":[{"href":"https:\/\/www.gwynt.eu\/de\/wp-json\/wp\/v2\/posts"}],"about":[{"href":"https:\/\/www.gwynt.eu\/de\/wp-json\/wp\/v2\/types\/post"}],"author":[{"embeddable":true,"href":"https:\/\/www.gwynt.eu\/de\/wp-json\/wp\/v2\/users\/1"}],"replies":[{"embeddable":true,"href":"https:\/\/www.gwynt.eu\/de\/wp-json\/wp\/v2\/comments?post=246947"}],"version-history":[{"count":0,"href":"https:\/\/www.gwynt.eu\/de\/wp-json\/wp\/v2\/posts\/246947\/revisions"}],"wp:featuredmedia":[{"embeddable":true,"href":"https:\/\/www.gwynt.eu\/de\/wp-json\/wp\/v2\/media\/246950"}],"wp:attachment":[{"href":"https:\/\/www.gwynt.eu\/de\/wp-json\/wp\/v2\/media?parent=246947"}],"wp:term":[{"taxonomy":"category","embeddable":true,"href":"https:\/\/www.gwynt.eu\/de\/wp-json\/wp\/v2\/categories?post=246947"},{"taxonomy":"post_tag","embeddable":true,"href":"https:\/\/www.gwynt.eu\/de\/wp-json\/wp\/v2\/tags?post=246947"}],"curies":[{"name":"wp","href":"https:\/\/api.w.org\/{rel}","templated":true}]}}